{"id":19763,"date":"2026-09-03T20:54:25","date_gmt":"2026-09-04T01:54:25","guid":{"rendered":"https:\/\/observatoriosinodalidad.org\/?p=19763"},"modified":"2026-09-03T21:39:27","modified_gmt":"2026-09-04T02:39:27","slug":"manuel-larrain-bispo-precursor-da-sinodalidade","status":"publish","type":"post","link":"https:\/\/observatoriosinodalidad.org\/pt-br\/manuel-larrain-bispo-precursor-da-sinodalidade\/","title":{"rendered":"Manuel Larra\u00edn, bispo precursor da sinodalidade"},"content":{"rendered":"<p>No Campus San Joaqu\u00edn da <u>Pontif\u00edcia Universidade Cat\u00f3lica do Chile<\/u>, foi apresentado o <strong><b>volume II do Epistol\u00e1rio do bispo Manuel Larra\u00edn Err\u00e1zuriz<\/b><\/strong>, intitulado <strong><b>\u201cColegialidade episcopal\u201d<\/b><\/strong>.<\/p>\n<p><strong><b>Re\u00fane 138 cartas daquele que foi bispo de Talca<\/b><\/strong>\u00a0entre 1939 e 1966, conservadas principalmente no arquivo do Bispado dessa diocese e, de modo significativo para esta edi\u00e7\u00e3o, no arquivo do <u>CELAM.<\/u>\u00a0Estas \u00faltimas permitem reconstruir, especialmente, o per\u00edodo em que <strong><b>Larra\u00edn exerceu a presid\u00eancia do organismo e acompanhar de perto o processo de surgimento e consolida\u00e7\u00e3o de uma estrutura<\/b><\/strong>\u00a0destinada a acompanhar a vida pastoral das Igrejas do continente.<\/p>\n<h3><strong><b>Fundador do CELAM<\/b><\/strong><\/h3>\n<p>Na apresenta\u00e7\u00e3o estiveram presentes o atual bispo de Talca, <strong><b>Galo Fern\u00e1ndez<\/b><\/strong>; o secret\u00e1rio-geral do CELAM, <strong><b>Lizardo Estrada<\/b><\/strong>; a professora <strong><b>Sandra Arenas<\/b><\/strong>, decana da Faculdade de Ci\u00eancias Religiosas e Filosofia da Universidade Cat\u00f3lica de Temuco; e <strong><b>Carlos \u00c1lvarez<\/b><\/strong>, um dos editores da obra.<\/p>\n<p>Este evento ocorreu em um ano significativo para o Conselho Episcopal Latino-Americano, que comemora 70 anos de sua cria\u00e7\u00e3o. O organismo, aprovado pelo Papa Pio XII em 1955, foi o primeiro de<strong><b>\u00a0car\u00e1ter continental na Igreja e teve entre seus principais promotores o bispo de Talca, Manuel Larra\u00edn<\/b><\/strong>. Tamb\u00e9m neste ano s\u00e3o comemorados os 60 anos de sua P\u00e1scoa.<\/p>\n<p>A publica\u00e7\u00e3o permite aproximar-se da obra e do legado do bispo Larra\u00edn: sua preocupa\u00e7\u00e3o sobretudo com as condi\u00e7\u00f5es de vida dos camponeses, que constitu\u00edam grande parte da popula\u00e7\u00e3o de sua diocese. <strong><b>Impulsionou um projeto de reforma agr\u00e1ria<\/b><\/strong>\u00a0em terras do bispado, defendeu a <strong><b>cria\u00e7\u00e3o de organiza\u00e7\u00f5es sindicais cat\u00f3licas<\/b><\/strong>\u00a0para os camponeses e <strong><b>favoreceu a chegada de congrega\u00e7\u00f5es religiosas<\/b><\/strong>\u00a0dedicadas \u00e0 educa\u00e7\u00e3o dos setores desfavorecidos.<\/p>\n<p>Esse olhar social foi acompanhado por uma convic\u00e7\u00e3o pastoral:<strong><b>\u00a0a Igreja devia conhecer a realidade antes de formular suas respostas.<\/b><\/strong>\u00a0Em uma de suas cartas, Larra\u00edn advertia para o risco de agir sem um conhecimento adequado do contexto e apontava a necessidade de uma pastoral adaptada e articulada para a Am\u00e9rica Latina.<\/p>\n<p><strong><b>Xavier Morales<\/b><\/strong>, diretor de Pesquisa, Publica\u00e7\u00f5es e Biblioteca da Faculdade de Teologia, recordou:<\/p>\n<ul>\n<li>O primeiro volume do epistol\u00e1rio foi dedicado ao <strong><b>catolicismo social.<\/b><\/strong><\/li>\n<li>O segundo <strong><b>aborda a colabora\u00e7\u00e3o entre os bispos<\/b><\/strong>e prepara o caminho para<\/li>\n<li>O terceiro volume, que completar\u00e1 outras <strong><b>dimens\u00f5es do pensamento e do minist\u00e9rio de Larra\u00edn.<\/b><\/strong><\/li>\n<\/ul>\n<h3><strong><b>\u00c0 frente de seu tempo<\/b><\/strong><\/h3>\n<p>Por sua vez, o bispo Fern\u00e1ndez destacou que <strong><b>as cartas apresentam um pensamento que vai sendo constru\u00eddo \u201cem meio \u00e0 hist\u00f3ria\u201d<\/b><\/strong>, atravessado por tens\u00f5es e conflitos. Nelas aparece, afirmou o bispo, um ensinamento especialmente significativo: a colegialidade episcopal se constr\u00f3i entre pessoas que podem pensar de modo diferente, confrontar-se e buscar caminhos comuns. Nesse processo de escuta e busca de comunh\u00e3o, sustentou, j\u00e1 <strong><b>se antecipa um esp\u00edrito que posteriormente ganhar\u00e1 maior for\u00e7a no Conc\u00edlio Vaticano II e na compreens\u00e3o da Igreja como Povo de Deus.<\/b><\/strong>\u00a0\u201cH\u00e1 espa\u00e7o para a diverg\u00eancia, mas tamb\u00e9m uma busca de fidelidade e comunh\u00e3o\u201d, afirmou.<\/p>\n<p>O secret\u00e1rio-geral do CELAM, que participou de forma virtual, definiu Larra\u00edn como <strong><b>um \u201cbispo \u00e0 frente de seu tempo\u201d<\/b><\/strong>, especialmente por suas reflex\u00f5es sobre a Igreja como Povo de Deus e pelo papel que atribu\u00eda aos leigos.<\/p>\n<p>Enfatizou que muitas das<strong><b>\u00a0preocupa\u00e7\u00f5es que hoje fazem parte da reflex\u00e3o sinodal j\u00e1 estavam presentes nos escritos de Larra\u00edn, entre elas a corresponsabilidade e o protagonismo dos leigos.<\/b><\/strong>\u00a0Recordou tamb\u00e9m sua cr\u00edtica a uma forma\u00e7\u00e3o separada da a\u00e7\u00e3o: \u201cA grande forma\u00e7\u00e3o \u00e9 o apostolado, o pr\u00f3prio apostolado\u201d.<\/p>\n<p>O secret\u00e1rio-geral do CELAM recordou a vis\u00e3o continental do bispo chileno. Em uma carta de 1964, Larra\u00edn apontava a urg\u00eancia de um<strong><b>\u00a0planejamento apost\u00f3lico em \u00e2mbito nacional e continental<\/b><\/strong>, baseado na realidade hist\u00f3rica e sociol\u00f3gica de cada na\u00e7\u00e3o e do continente em seu conjunto, <strong><b>com \u00eanfase mission\u00e1ria<\/b><\/strong>, para atender \u00e0s novas gera\u00e7\u00f5es e considerar tamb\u00e9m a dimens\u00e3o socioecon\u00f4mica. Para o ent\u00e3o bispo de Talca, essa tarefa devia constituir uma das prioridades do Conselho Episcopal Latino-Americano e Caribenho.<\/p>\n<p>A interven\u00e7\u00e3o de Estrada ressaltou que a proposta de Larra\u00edn n\u00e3o foi simplesmente uma reflex\u00e3o retrospectiva sobre o Conc\u00edlio. <strong><b>Suas cartas mostram que j\u00e1 existia uma busca pr\u00e9via de articula\u00e7\u00e3o continental e de uma resposta pastoral pr\u00f3pria para a Am\u00e9rica Latina.<\/b><\/strong><\/p>\n<p>Fonte: <strong><u><b>Roberto Urbina Avenda\u00f1o<\/b><\/u><\/strong><strong><b>\u00a0\u2013 Vida Nueva Digital<\/b><\/strong><\/p>\n<p><strong>Foto: Museo Hist\u00f3rico Nacional<\/strong><\/p>\n<p class=\"p2\"><span class=\"s2\"><b>Voc\u00ea pode estar interessado em:<a href=\"https:\/\/observatoriosinodalidad.org\/pt-br\/tomas-insua-a-ecologia-integral-requer-uma-dinamica-sinodal\/\" target=\"_blank\" rel=\"noopener\">\u00a0Tom\u00e1s Insua: \u201cA ecologia integral requer uma din\u00e2mica sinodal\u201d<\/a><\/b><\/span><\/p>\n<p class=\"p2\"><b><\/b><strong>Carte recomandat\u0103:\u00a0<a href=\"https:\/\/observatoriosinodalidad.org\/pt-br\/project\/iv-congresso-continental-de-teologia-latino-americana-e-caribenha\/\" target=\"_blank\" rel=\"noopener\">IV Congresso Continental de Teologia Latino-Americana e Caribenha Horizontes de liberta\u00e7\u00e3o: tecendo esperan\u00e7as a partir de baixo<\/a><\/strong><\/p>\n<p class=\"p2\"><b><\/b><span class=\"s2\"><b>Inscreva-se em nosso canal Whatsapp:\u00a0<\/b><a href=\"https:\/\/whatsapp.com\/channel\/0029VazM21X6WaKvBlZ91E47\" target=\"_blank\" rel=\"noopener\"><span class=\"s3\"><b>https:\/\/whatsapp.com\/channel\/0029VazM21X6WaKvBlZ91E47<\/b><b><\/b><\/span><\/a><\/span><\/p>\n<p class=\"p4\"><b>Baixe o \u00faltimo caderno de estudo 011:\u00a0<\/b><a href=\"https:\/\/observatoriosinodalidad.org\/pt-br\/project\/rumo-a-uma-vida-religiosa-sinodal\/\" target=\"_blank\" rel=\"noopener\"><span class=\"s3\"><b>Caderno de estudo 011<\/b><\/span><\/a><\/p>\n","protected":false},"excerpt":{"rendered":"<p>No Campus San Joaqu\u00edn da Pontif\u00edcia Universidade Cat\u00f3lica do Chile, foi apresentado o volume II do Epistol\u00e1rio do bispo Manuel Larra\u00edn Err\u00e1zuriz, intitulado \u201cColegialidade episcopal\u201d. Re\u00fane 138 cartas daquele que&#8230;<\/p>\n","protected":false},"author":12,"featured_media":19759,"comment_status":"open","ping_status":"closed","sticky":false,"template":"","format":"standard","meta":{"footnotes":""},"categories":[43],"tags":[],"class_list":["post-19763","post","type-post","status-publish","format-standard","has-post-thumbnail","hentry","category-noticias-pt-br"],"yoast_head":"<!-- This site is optimized with the Yoast SEO Premium plugin v28.2 (Yoast SEO v28.4) - https:\/\/yoast.com\/product\/yoast-seo-premium-wordpress\/ -->\n<title>Manuel Larra\u00edn, bispo precursor da sinodalidade - Observatorio Latinoamericano de la Sinodalidad<\/title>\n<meta name=\"description\" content=\"Em Santiago do Chile, foi apresentado o Epistol\u00e1rio do prelado de Talca, que tamb\u00e9m foi fundador do CELAM\" \/>\n<meta name=\"robots\" content=\"index, follow, max-snippet:-1, max-image-preview:large, max-video-preview:-1\" \/>\n<link rel=\"canonical\" href=\"https:\/\/observatoriosinodalidad.org\/pt-br\/manuel-larrain-bispo-precursor-da-sinodalidade\/\" \/>\n<meta property=\"og:locale\" content=\"pt_BR\" \/>\n<meta property=\"og:type\" content=\"article\" \/>\n<meta property=\"og:title\" content=\"Manuel Larra\u00edn, bispo precursor da sinodalidade\" \/>\n<meta property=\"og:description\" content=\"Em Santiago do Chile, foi apresentado o Epistol\u00e1rio do prelado de Talca, que tamb\u00e9m foi fundador do CELAM\" \/>\n<meta property=\"og:url\" content=\"https:\/\/observatoriosinodalidad.org\/pt-br\/manuel-larrain-bispo-precursor-da-sinodalidade\/\" \/>\n<meta property=\"og:site_name\" content=\"Observatorio Latinoamericano de la Sinodalidad\" \/>\n<meta property=\"article:publisher\" content=\"https:\/\/www.facebook.com\/profile.php?id=61557630161102\" \/>\n<meta property=\"article:published_time\" content=\"2026-09-04T01:54:25+00:00\" \/>\n<meta property=\"article:modified_time\" content=\"2026-09-04T02:39:27+00:00\" \/>\n<meta property=\"og:image\" content=\"https:\/\/observatoriosinodalidad.org\/wp-content\/uploads\/2026\/09\/Cuaresma-45.png\" \/>\n\t<meta property=\"og:image:width\" content=\"860\" \/>\n\t<meta property=\"og:image:height\" content=\"575\" \/>\n\t<meta property=\"og:image:type\" content=\"image\/png\" \/>\n<meta name=\"author\" content=\"Micaela D\u00edaz Miranda\" \/>\n<meta name=\"twitter:card\" content=\"summary_large_image\" \/>\n<meta name=\"twitter:creator\" content=\"@O_Sinodalidad\" \/>\n<meta name=\"twitter:site\" content=\"@O_Sinodalidad\" \/>\n<meta name=\"twitter:label1\" content=\"Escrito por\" \/>\n\t<meta name=\"twitter:data1\" content=\"Micaela D\u00edaz Miranda\" \/>\n\t<meta name=\"twitter:label2\" content=\"Est. tempo de leitura\" \/>\n\t<meta name=\"twitter:data2\" content=\"4 minutos\" \/>\n<script type=\"application\/ld+json\" class=\"yoast-schema-graph\">{\"@context\":\"https:\\\/\\\/schema.org\",\"@graph\":[{\"@type\":\"Article\",\"@id\":\"https:\\\/\\\/observatoriosinodalidad.org\\\/pt-br\\\/manuel-larrain-bispo-precursor-da-sinodalidade\\\/#article\",\"isPartOf\":{\"@id\":\"https:\\\/\\\/observatoriosinodalidad.org\\\/pt-br\\\/manuel-larrain-bispo-precursor-da-sinodalidade\\\/\"},\"author\":{\"name\":\"Micaela D\u00edaz Miranda\",\"@id\":\"https:\\\/\\\/observatoriosinodalidad.org\\\/#\\\/schema\\\/person\\\/60d8e086b74b145499032bba348d39fc\"},\"headline\":\"Manuel Larra\u00edn, bispo precursor da sinodalidade\",\"datePublished\":\"2026-09-04T01:54:25+00:00\",\"dateModified\":\"2026-09-04T02:39:27+00:00\",\"mainEntityOfPage\":{\"@id\":\"https:\\\/\\\/observatoriosinodalidad.org\\\/pt-br\\\/manuel-larrain-bispo-precursor-da-sinodalidade\\\/\"},\"wordCount\":832,\"commentCount\":0,\"publisher\":{\"@id\":\"https:\\\/\\\/observatoriosinodalidad.org\\\/#organization\"},\"image\":{\"@id\":\"https:\\\/\\\/observatoriosinodalidad.org\\\/pt-br\\\/manuel-larrain-bispo-precursor-da-sinodalidade\\\/#primaryimage\"},\"thumbnailUrl\":\"https:\\\/\\\/observatoriosinodalidad.org\\\/wp-content\\\/uploads\\\/2026\\\/09\\\/Cuaresma-45.png\",\"articleSection\":[\"Not\u00edcias\"],\"inLanguage\":\"pt-BR\",\"potentialAction\":[{\"@type\":\"CommentAction\",\"name\":\"Comment\",\"target\":[\"https:\\\/\\\/observatoriosinodalidad.org\\\/pt-br\\\/manuel-larrain-bispo-precursor-da-sinodalidade\\\/#respond\"]}]},{\"@type\":\"WebPage\",\"@id\":\"https:\\\/\\\/observatoriosinodalidad.org\\\/pt-br\\\/manuel-larrain-bispo-precursor-da-sinodalidade\\\/\",\"url\":\"https:\\\/\\\/observatoriosinodalidad.org\\\/pt-br\\\/manuel-larrain-bispo-precursor-da-sinodalidade\\\/\",\"name\":\"Manuel Larra\u00edn, bispo precursor da sinodalidade - Observatorio Latinoamericano de la Sinodalidad\",\"isPartOf\":{\"@id\":\"https:\\\/\\\/observatoriosinodalidad.org\\\/#website\"},\"primaryImageOfPage\":{\"@id\":\"https:\\\/\\\/observatoriosinodalidad.org\\\/pt-br\\\/manuel-larrain-bispo-precursor-da-sinodalidade\\\/#primaryimage\"},\"image\":{\"@id\":\"https:\\\/\\\/observatoriosinodalidad.org\\\/pt-br\\\/manuel-larrain-bispo-precursor-da-sinodalidade\\\/#primaryimage\"},\"thumbnailUrl\":\"https:\\\/\\\/observatoriosinodalidad.org\\\/wp-content\\\/uploads\\\/2026\\\/09\\\/Cuaresma-45.png\",\"datePublished\":\"2026-09-04T01:54:25+00:00\",\"dateModified\":\"2026-09-04T02:39:27+00:00\",\"description\":\"Em Santiago do Chile, foi apresentado o Epistol\u00e1rio do prelado de Talca, que tamb\u00e9m foi fundador do CELAM\",\"breadcrumb\":{\"@id\":\"https:\\\/\\\/observatoriosinodalidad.org\\\/pt-br\\\/manuel-larrain-bispo-precursor-da-sinodalidade\\\/#breadcrumb\"},\"inLanguage\":\"pt-BR\",\"potentialAction\":[{\"@type\":\"ReadAction\",\"target\":[\"https:\\\/\\\/observatoriosinodalidad.org\\\/pt-br\\\/manuel-larrain-bispo-precursor-da-sinodalidade\\\/\"]}]},{\"@type\":\"ImageObject\",\"inLanguage\":\"pt-BR\",\"@id\":\"https:\\\/\\\/observatoriosinodalidad.org\\\/pt-br\\\/manuel-larrain-bispo-precursor-da-sinodalidade\\\/#primaryimage\",\"url\":\"https:\\\/\\\/observatoriosinodalidad.org\\\/wp-content\\\/uploads\\\/2026\\\/09\\\/Cuaresma-45.png\",\"contentUrl\":\"https:\\\/\\\/observatoriosinodalidad.org\\\/wp-content\\\/uploads\\\/2026\\\/09\\\/Cuaresma-45.png\",\"width\":860,\"height\":575},{\"@type\":\"BreadcrumbList\",\"@id\":\"https:\\\/\\\/observatoriosinodalidad.org\\\/pt-br\\\/manuel-larrain-bispo-precursor-da-sinodalidade\\\/#breadcrumb\",\"itemListElement\":[{\"@type\":\"ListItem\",\"position\":1,\"name\":\"Inicio\",\"item\":\"https:\\\/\\\/observatoriosinodalidad.org\\\/pt-br\\\/\"},{\"@type\":\"ListItem\",\"position\":2,\"name\":\"Manuel Larra\u00edn, bispo precursor da sinodalidade\"}]},{\"@type\":\"WebSite\",\"@id\":\"https:\\\/\\\/observatoriosinodalidad.org\\\/#website\",\"url\":\"https:\\\/\\\/observatoriosinodalidad.org\\\/\",\"name\":\"Observatorio Latinoamericano de la Sinodalidad\",\"description\":\"\",\"publisher\":{\"@id\":\"https:\\\/\\\/observatoriosinodalidad.org\\\/#organization\"},\"potentialAction\":[{\"@type\":\"SearchAction\",\"target\":{\"@type\":\"EntryPoint\",\"urlTemplate\":\"https:\\\/\\\/observatoriosinodalidad.org\\\/?s={search_term_string}\"},\"query-input\":{\"@type\":\"PropertyValueSpecification\",\"valueRequired\":true,\"valueName\":\"search_term_string\"}}],\"inLanguage\":\"pt-BR\"},{\"@type\":\"Organization\",\"@id\":\"https:\\\/\\\/observatoriosinodalidad.org\\\/#organization\",\"name\":\"Observatorio Latinoamericano de la Sinodalidad\",\"url\":\"https:\\\/\\\/observatoriosinodalidad.org\\\/\",\"logo\":{\"@type\":\"ImageObject\",\"inLanguage\":\"pt-BR\",\"@id\":\"https:\\\/\\\/observatoriosinodalidad.org\\\/#\\\/schema\\\/logo\\\/image\\\/\",\"url\":\"https:\\\/\\\/observatoriosinodalidad.org\\\/wp-content\\\/uploads\\\/2024\\\/03\\\/logo.png\",\"contentUrl\":\"https:\\\/\\\/observatoriosinodalidad.org\\\/wp-content\\\/uploads\\\/2024\\\/03\\\/logo.png\",\"width\":250,\"height\":90,\"caption\":\"Observatorio Latinoamericano de la Sinodalidad\"},\"image\":{\"@id\":\"https:\\\/\\\/observatoriosinodalidad.org\\\/#\\\/schema\\\/logo\\\/image\\\/\"},\"sameAs\":[\"https:\\\/\\\/www.facebook.com\\\/profile.php?id=61557630161102\",\"https:\\\/\\\/x.com\\\/O_Sinodalidad\",\"https:\\\/\\\/www.youtube.com\\\/channel\\\/UC-45VOYfrCGFA-mycUuaX2A\",\"https:\\\/\\\/www.instagram.com\\\/observatoriosinodalidad\\\/\"]},{\"@type\":\"Person\",\"@id\":\"https:\\\/\\\/observatoriosinodalidad.org\\\/#\\\/schema\\\/person\\\/60d8e086b74b145499032bba348d39fc\",\"name\":\"Micaela D\u00edaz Miranda\",\"image\":{\"@type\":\"ImageObject\",\"inLanguage\":\"pt-BR\",\"@id\":\"https:\\\/\\\/secure.gravatar.com\\\/avatar\\\/7fc24ebb962109e25106b6470db92df2381897cd82de7ef8fafb87e554cd037a?s=96&d=mm&r=g\",\"url\":\"https:\\\/\\\/secure.gravatar.com\\\/avatar\\\/7fc24ebb962109e25106b6470db92df2381897cd82de7ef8fafb87e554cd037a?s=96&d=mm&r=g\",\"contentUrl\":\"https:\\\/\\\/secure.gravatar.com\\\/avatar\\\/7fc24ebb962109e25106b6470db92df2381897cd82de7ef8fafb87e554cd037a?s=96&d=mm&r=g\",\"caption\":\"Micaela D\u00edaz Miranda\"},\"url\":\"https:\\\/\\\/observatoriosinodalidad.org\\\/pt-br\\\/author\\\/micaela\\\/\"}]}<\/script>\n<!-- \/ Yoast SEO Premium plugin. -->","yoast_head_json":{"title":"Manuel Larra\u00edn, bispo precursor da sinodalidade - Observatorio Latinoamericano de la Sinodalidad","description":"Em Santiago do Chile, foi apresentado o Epistol\u00e1rio do prelado de Talca, que tamb\u00e9m foi fundador do CELAM","robots":{"index":"index","follow":"follow","max-snippet":"max-snippet:-1","max-image-preview":"max-image-preview:large","max-video-preview":"max-video-preview:-1"},"canonical":"https:\/\/observatoriosinodalidad.org\/pt-br\/manuel-larrain-bispo-precursor-da-sinodalidade\/","og_locale":"pt_BR","og_type":"article","og_title":"Manuel Larra\u00edn, bispo precursor da sinodalidade","og_description":"Em Santiago do Chile, foi apresentado o Epistol\u00e1rio do prelado de Talca, que tamb\u00e9m foi fundador do CELAM","og_url":"https:\/\/observatoriosinodalidad.org\/pt-br\/manuel-larrain-bispo-precursor-da-sinodalidade\/","og_site_name":"Observatorio Latinoamericano de la Sinodalidad","article_publisher":"https:\/\/www.facebook.com\/profile.php?id=61557630161102","article_published_time":"2026-09-04T01:54:25+00:00","article_modified_time":"2026-09-04T02:39:27+00:00","og_image":[{"width":860,"height":575,"url":"https:\/\/observatoriosinodalidad.org\/wp-content\/uploads\/2026\/09\/Cuaresma-45.png","type":"image\/png"}],"author":"Micaela D\u00edaz Miranda","twitter_card":"summary_large_image","twitter_creator":"@O_Sinodalidad","twitter_site":"@O_Sinodalidad","twitter_misc":{"Escrito por":"Micaela D\u00edaz Miranda","Est. tempo de leitura":"4 minutos"},"schema":{"@context":"https:\/\/schema.org","@graph":[{"@type":"Article","@id":"https:\/\/observatoriosinodalidad.org\/pt-br\/manuel-larrain-bispo-precursor-da-sinodalidade\/#article","isPartOf":{"@id":"https:\/\/observatoriosinodalidad.org\/pt-br\/manuel-larrain-bispo-precursor-da-sinodalidade\/"},"author":{"name":"Micaela D\u00edaz Miranda","@id":"https:\/\/observatoriosinodalidad.org\/#\/schema\/person\/60d8e086b74b145499032bba348d39fc"},"headline":"Manuel Larra\u00edn, bispo precursor da sinodalidade","datePublished":"2026-09-04T01:54:25+00:00","dateModified":"2026-09-04T02:39:27+00:00","mainEntityOfPage":{"@id":"https:\/\/observatoriosinodalidad.org\/pt-br\/manuel-larrain-bispo-precursor-da-sinodalidade\/"},"wordCount":832,"commentCount":0,"publisher":{"@id":"https:\/\/observatoriosinodalidad.org\/#organization"},"image":{"@id":"https:\/\/observatoriosinodalidad.org\/pt-br\/manuel-larrain-bispo-precursor-da-sinodalidade\/#primaryimage"},"thumbnailUrl":"https:\/\/observatoriosinodalidad.org\/wp-content\/uploads\/2026\/09\/Cuaresma-45.png","articleSection":["Not\u00edcias"],"inLanguage":"pt-BR","potentialAction":[{"@type":"CommentAction","name":"Comment","target":["https:\/\/observatoriosinodalidad.org\/pt-br\/manuel-larrain-bispo-precursor-da-sinodalidade\/#respond"]}]},{"@type":"WebPage","@id":"https:\/\/observatoriosinodalidad.org\/pt-br\/manuel-larrain-bispo-precursor-da-sinodalidade\/","url":"https:\/\/observatoriosinodalidad.org\/pt-br\/manuel-larrain-bispo-precursor-da-sinodalidade\/","name":"Manuel Larra\u00edn, bispo precursor da sinodalidade - Observatorio Latinoamericano de la Sinodalidad","isPartOf":{"@id":"https:\/\/observatoriosinodalidad.org\/#website"},"primaryImageOfPage":{"@id":"https:\/\/observatoriosinodalidad.org\/pt-br\/manuel-larrain-bispo-precursor-da-sinodalidade\/#primaryimage"},"image":{"@id":"https:\/\/observatoriosinodalidad.org\/pt-br\/manuel-larrain-bispo-precursor-da-sinodalidade\/#primaryimage"},"thumbnailUrl":"https:\/\/observatoriosinodalidad.org\/wp-content\/uploads\/2026\/09\/Cuaresma-45.png","datePublished":"2026-09-04T01:54:25+00:00","dateModified":"2026-09-04T02:39:27+00:00","description":"Em Santiago do Chile, foi apresentado o Epistol\u00e1rio do prelado de Talca, que tamb\u00e9m foi fundador do CELAM","breadcrumb":{"@id":"https:\/\/observatoriosinodalidad.org\/pt-br\/manuel-larrain-bispo-precursor-da-sinodalidade\/#breadcrumb"},"inLanguage":"pt-BR","potentialAction":[{"@type":"ReadAction","target":["https:\/\/observatoriosinodalidad.org\/pt-br\/manuel-larrain-bispo-precursor-da-sinodalidade\/"]}]},{"@type":"ImageObject","inLanguage":"pt-BR","@id":"https:\/\/observatoriosinodalidad.org\/pt-br\/manuel-larrain-bispo-precursor-da-sinodalidade\/#primaryimage","url":"https:\/\/observatoriosinodalidad.org\/wp-content\/uploads\/2026\/09\/Cuaresma-45.png","contentUrl":"https:\/\/observatoriosinodalidad.org\/wp-content\/uploads\/2026\/09\/Cuaresma-45.png","width":860,"height":575},{"@type":"BreadcrumbList","@id":"https:\/\/observatoriosinodalidad.org\/pt-br\/manuel-larrain-bispo-precursor-da-sinodalidade\/#breadcrumb","itemListElement":[{"@type":"ListItem","position":1,"name":"Inicio","item":"https:\/\/observatoriosinodalidad.org\/pt-br\/"},{"@type":"ListItem","position":2,"name":"Manuel Larra\u00edn, bispo precursor da sinodalidade"}]},{"@type":"WebSite","@id":"https:\/\/observatoriosinodalidad.org\/#website","url":"https:\/\/observatoriosinodalidad.org\/","name":"Observatorio Latinoamericano de la Sinodalidad","description":"","publisher":{"@id":"https:\/\/observatoriosinodalidad.org\/#organization"},"potentialAction":[{"@type":"SearchAction","target":{"@type":"EntryPoint","urlTemplate":"https:\/\/observatoriosinodalidad.org\/?s={search_term_string}"},"query-input":{"@type":"PropertyValueSpecification","valueRequired":true,"valueName":"search_term_string"}}],"inLanguage":"pt-BR"},{"@type":"Organization","@id":"https:\/\/observatoriosinodalidad.org\/#organization","name":"Observatorio Latinoamericano de la Sinodalidad","url":"https:\/\/observatoriosinodalidad.org\/","logo":{"@type":"ImageObject","inLanguage":"pt-BR","@id":"https:\/\/observatoriosinodalidad.org\/#\/schema\/logo\/image\/","url":"https:\/\/observatoriosinodalidad.org\/wp-content\/uploads\/2024\/03\/logo.png","contentUrl":"https:\/\/observatoriosinodalidad.org\/wp-content\/uploads\/2024\/03\/logo.png","width":250,"height":90,"caption":"Observatorio Latinoamericano de la Sinodalidad"},"image":{"@id":"https:\/\/observatoriosinodalidad.org\/#\/schema\/logo\/image\/"},"sameAs":["https:\/\/www.facebook.com\/profile.php?id=61557630161102","https:\/\/x.com\/O_Sinodalidad","https:\/\/www.youtube.com\/channel\/UC-45VOYfrCGFA-mycUuaX2A","https:\/\/www.instagram.com\/observatoriosinodalidad\/"]},{"@type":"Person","@id":"https:\/\/observatoriosinodalidad.org\/#\/schema\/person\/60d8e086b74b145499032bba348d39fc","name":"Micaela D\u00edaz Miranda","image":{"@type":"ImageObject","inLanguage":"pt-BR","@id":"https:\/\/secure.gravatar.com\/avatar\/7fc24ebb962109e25106b6470db92df2381897cd82de7ef8fafb87e554cd037a?s=96&d=mm&r=g","url":"https:\/\/secure.gravatar.com\/avatar\/7fc24ebb962109e25106b6470db92df2381897cd82de7ef8fafb87e554cd037a?s=96&d=mm&r=g","contentUrl":"https:\/\/secure.gravatar.com\/avatar\/7fc24ebb962109e25106b6470db92df2381897cd82de7ef8fafb87e554cd037a?s=96&d=mm&r=g","caption":"Micaela D\u00edaz Miranda"},"url":"https:\/\/observatoriosinodalidad.org\/pt-br\/author\/micaela\/"}]}},"_links":{"self":[{"href":"https:\/\/observatoriosinodalidad.org\/pt-br\/wp-json\/wp\/v2\/posts\/19763","targetHints":{"allow":["GET"]}}],"collection":[{"href":"https:\/\/observatoriosinodalidad.org\/pt-br\/wp-json\/wp\/v2\/posts"}],"about":[{"href":"https:\/\/observatoriosinodalidad.org\/pt-br\/wp-json\/wp\/v2\/types\/post"}],"author":[{"embeddable":true,"href":"https:\/\/observatoriosinodalidad.org\/pt-br\/wp-json\/wp\/v2\/users\/12"}],"replies":[{"embeddable":true,"href":"https:\/\/observatoriosinodalidad.org\/pt-br\/wp-json\/wp\/v2\/comments?post=19763"}],"version-history":[{"count":2,"href":"https:\/\/observatoriosinodalidad.org\/pt-br\/wp-json\/wp\/v2\/posts\/19763\/revisions"}],"predecessor-version":[{"id":19765,"href":"https:\/\/observatoriosinodalidad.org\/pt-br\/wp-json\/wp\/v2\/posts\/19763\/revisions\/19765"}],"wp:featuredmedia":[{"embeddable":true,"href":"https:\/\/observatoriosinodalidad.org\/pt-br\/wp-json\/wp\/v2\/media\/19759"}],"wp:attachment":[{"href":"https:\/\/observatoriosinodalidad.org\/pt-br\/wp-json\/wp\/v2\/media?parent=19763"}],"wp:term":[{"taxonomy":"category","embeddable":true,"href":"https:\/\/observatoriosinodalidad.org\/pt-br\/wp-json\/wp\/v2\/categories?post=19763"},{"taxonomy":"post_tag","embeddable":true,"href":"https:\/\/observatoriosinodalidad.org\/pt-br\/wp-json\/wp\/v2\/tags?post=19763"}],"curies":[{"name":"wp","href":"https:\/\/api.w.org\/{rel}","templated":true}]}}