{"id":19719,"date":"2026-09-01T21:34:39","date_gmt":"2026-09-02T02:34:39","guid":{"rendered":"https:\/\/observatoriosinodalidad.org\/?p=19719"},"modified":"2026-09-02T21:51:01","modified_gmt":"2026-09-03T02:51:01","slug":"tomas-insua-a-ecologia-integral-requer-uma-dinamica-sinodal","status":"publish","type":"post","link":"https:\/\/observatoriosinodalidad.org\/pt-br\/tomas-insua-a-ecologia-integral-requer-uma-dinamica-sinodal\/","title":{"rendered":"Tom\u00e1s Insua: \u201cA ecologia integral requer uma din\u00e2mica sinodal\u201d"},"content":{"rendered":"<p>Todos os anos, em 1\u00ba de setembro, a Igreja inicia o <strong><b>Tempo da Cria\u00e7\u00e3o<\/b><\/strong>, um per\u00edodo que se estende at\u00e9 4 de outubro e <strong><b>convida comunidades crist\u00e3s de diferentes tradi\u00e7\u00f5es a colocar no centro a ora\u00e7\u00e3o, a convers\u00e3o ecol\u00f3gica e o cuidado da casa comum.<\/b><\/strong>\u00a0A celebra\u00e7\u00e3o, que nasceu de uma iniciativa ecum\u00eanica promovida pela Igreja Ortodoxa em 1989, adquiriu uma nova dimens\u00e3o para a Igreja Cat\u00f3lica com a inclus\u00e3o da Jornada da Cria\u00e7\u00e3o no calend\u00e1rio e, recentemente, com a aprova\u00e7\u00e3o de uma nova Missa pelo Cuidado da Cria\u00e7\u00e3o.<\/p>\n<p>Nesse contexto, o <strong><b>Observat\u00f3rio Latino-Americano da Sinodalidade<\/b><\/strong>\u00a0conversou com <strong><b>Tom\u00e1s Insua<\/b><\/strong>, afiliado eclesial do Instituto Laudato Si\u2019 da Universidade de Oxford, centro teol\u00f3gico jesu\u00edta, cofundador e ex-diretor executivo do Movimento Laudato Si\u2019. Na entrevista, <strong><b>analisa o significado desta jornada e as possibilidades que ela abre para articular uma resposta eclesial diante da crise clim\u00e1tica e ecol\u00f3gica.<\/b><\/strong><\/p>\n<p>Insua afirma que o cuidado da cria\u00e7\u00e3o n\u00e3o pode ser entendido como uma tarefa isolada nem limitada a uma data do calend\u00e1rio. Pelo contr\u00e1rio, <strong><b>o Tempo da Cria\u00e7\u00e3o pode se tornar uma oportunidade para gerar processos sustentados de participa\u00e7\u00e3o e escuta, tanto no interior da Igreja como em di\u00e1logo com outras confiss\u00f5es crist\u00e3s e com as organiza\u00e7\u00f5es da sociedade civil<\/b><\/strong>. Nessa perspectiva, sustenta que <strong><b>a ecologia integral tem uma profunda dimens\u00e3o sinodal<\/b><\/strong>, porque come\u00e7a por escutar o \u201cclamor da terra e dos pobres\u201d e reconhecer as realidades concretas de cada territ\u00f3rio.<\/p>\n<h3><img loading=\"lazy\" decoding=\"async\" class=\"size-medium wp-image-19714 alignleft\" src=\"https:\/\/observatoriosinodalidad.org\/wp-content\/uploads\/2026\/09\/tomasInsua-300x300.jpg\" alt=\"\" width=\"300\" height=\"300\" srcset=\"https:\/\/observatoriosinodalidad.org\/wp-content\/uploads\/2026\/09\/tomasInsua-300x300.jpg 300w, https:\/\/observatoriosinodalidad.org\/wp-content\/uploads\/2026\/09\/tomasInsua-150x150.jpg 150w, https:\/\/observatoriosinodalidad.org\/wp-content\/uploads\/2026\/09\/tomasInsua-75x75.jpg 75w, https:\/\/observatoriosinodalidad.org\/wp-content\/uploads\/2026\/09\/tomasInsua.jpg 400w\" sizes=\"auto, (max-width: 300px) 100vw, 300px\" \/><\/h3>\n<h3><strong><b>Tempo da Cria\u00e7\u00e3o<\/b><\/strong><\/h3>\n<h4><strong><b>Pergunta: Por que a Jornada da Cria\u00e7\u00e3o \u00e9 t\u00e3o importante?<\/b><\/strong><\/h4>\n<p><strong><b>Resposta: <\/b><\/strong>O dia 1\u00ba de setembro \u00e9 uma data que celebramos por seu profundo simbolismo: na Igreja Ortodoxa, esse dia \u00e9 uma festa lit\u00fargica que simboliza a cria\u00e7\u00e3o do mundo. \u00c9 t\u00e3o importante que \u00e9 inclusive a festa que d\u00e1 in\u00edcio ao ano lit\u00fargico, diferentemente do calend\u00e1rio romano, que come\u00e7a no Advento. Foi essa antiga tradi\u00e7\u00e3o que, em 1989, inspirou a Igreja Ortodoxa a convidar todas as demais Igrejas a se unirem em ora\u00e7\u00e3o naquele dia. Mais tarde, a celebra\u00e7\u00e3o foi estendida para todo o m\u00eas, at\u00e9 4 de outubro, per\u00edodo que chamamos de Tempo da Cria\u00e7\u00e3o. <strong><b>Em outras palavras, o Tempo \u00e9 uma celebra\u00e7\u00e3o prolongada da Jornada ou Festa da Cria\u00e7\u00e3o, pois se trata de um mist\u00e9rio t\u00e3o grande e de um tema t\u00e3o profundo que merece ser celebrado continuamente ao longo de um m\u00eas.<\/b><\/strong><\/p>\n<p>Temos uma enorme oportunidade de celebrar liturgicamente a Jornada agora que o Papa Le\u00e3o nos deu este grande dom da nova <strong><b>Missa pelo Cuidado da Cria\u00e7\u00e3o, que foi acrescentada ao Missal<\/b><\/strong>. Depois de quase quatro d\u00e9cadas de celebra\u00e7\u00f5es ecum\u00eanicas da Jornada, agora temos a oportunidade de celebr\u00e1-la liturgicamente, ao redor do altar. Como sabemos, para n\u00f3s, cat\u00f3licos, a Eucaristia \u00e9 a \u201cfonte e o \u00e1pice\u201d da vida crist\u00e3. Poder celebrar liturgicamente esta Jornada \u00e9 uma bel\u00edssima oportunidade.<\/p>\n<p>Hoje, 1\u00ba de setembro, o pr\u00f3prio Papa Le\u00e3o deu o exemplo e presidiu uma celebra\u00e7\u00e3o lit\u00fargica da Jornada com esta nova Missa. Isso deveria inspirar e interpelar todos os bispos, sacerdotes, religiosas, religiosos, leigas e leigos: <strong><b>e n\u00f3s? Celebramos liturgicamente esta Jornada ou ainda n\u00e3o?<\/b><\/strong><\/p>\n<p>A boa not\u00edcia \u00e9 que j\u00e1 vimos hoje que, em diferentes cantos do planeta, muit\u00edssimas confer\u00eancias episcopais, dioceses e par\u00f3quias est\u00e3o ativamente envolvidas nesta celebra\u00e7\u00e3o. Por exemplo, <strong><b>a Confer\u00eancia Episcopal de Honduras decretou que todas as par\u00f3quias devem celebrar a Jornada com a nova liturgia<\/b><\/strong>.<\/p>\n<p><strong><b>Esperemos que agora, com o impulso e o exemplo do Papa Le\u00e3o, no pr\u00f3ximo ano muit\u00edssimas outras confer\u00eancias episcopais e dioceses se envolvam ativamente e mobilizem todas as suas par\u00f3quias para participar da celebra\u00e7\u00e3o. \u00a0<\/b><\/strong><\/p>\n<h4><strong><b>P.: O Papa Le\u00e3o XIV prop\u00f5e, para este Tempo da Cria\u00e7\u00e3o, a imagem de Isa\u00edas: \u201cDe suas espadas forjar\u00e3o arados e, de suas lan\u00e7as, foices\u201d. O que significa hoje transformar as l\u00f3gicas de destrui\u00e7\u00e3o em a\u00e7\u00f5es concretas a servi\u00e7o da vida, especialmente diante da crise clim\u00e1tica e ecol\u00f3gica?<\/b><\/strong><\/h4>\n<p><strong><b>R.: <\/b><\/strong>A mensagem do Papa Le\u00e3o XIV para a Jornada da Cria\u00e7\u00e3o, centrada nessa passagem de Isa\u00edas, \u00e9 uma excelente maneira de relacionar os problemas da guerra e da crise ecol\u00f3gica. <strong><b>O Papa Le\u00e3o faz um forte chamado de aten\u00e7\u00e3o para o fato de que ambas as crises t\u00eam sua raiz na viol\u00eancia presente no cora\u00e7\u00e3o humano. <\/b><\/strong>Nestes tempos em que h\u00e1 tanta guerra, tanto conflito, \u00e9 importante lembrar que dessa mesma raiz tamb\u00e9m brota a viol\u00eancia contra a cria\u00e7\u00e3o, a viol\u00eancia contra as florestas, a viol\u00eancia contra os rios, a viol\u00eancia contra o clima, a viol\u00eancia contra as comunidades que vivem em territ\u00f3rios e padecem com o extrativismo, etc. Todas essas viol\u00eancias t\u00eam uma raiz comum. Essa \u00e9 a mensagem t\u00e3o oportuna e s\u00e1bia do Papa Le\u00e3o.<\/p>\n<h4><strong><b>P.: O Tempo da Cria\u00e7\u00e3o re\u00fane todos os anos comunidades, movimentos, religiosos, leigos e organiza\u00e7\u00f5es de diferentes lugares. Que possibilidades este tempo abre para fortalecer uma rede sinodal de pessoas e comunidades que, a partir de suas diversas realidades, trabalhem juntas pela justi\u00e7a clim\u00e1tica e pelo cuidado da casa comum?<\/b><\/strong><\/h4>\n<p><strong><b>R.: A Jornada da Cria\u00e7\u00e3o e o Tempo da Cria\u00e7\u00e3o s\u00e3o uma oportunidade para fortalecer uma din\u00e2mica sinodal no interior da Igreja, a fim de trabalharmos em conjunto pelo cuidado da casa comum e pela justi\u00e7a clim\u00e1tica.<\/b><\/strong>\u00a0A l\u00f3gica de uma celebra\u00e7\u00e3o anual convida a pensar em um processo cont\u00ednuo, em vez de um evento isolado: construir ao longo do ano uma caminhada em dire\u00e7\u00e3o ao que acontece em setembro e, depois, renovar e enriquecer o processo para o ano seguinte.<\/p>\n<p>Embora a ecologia integral requeira um compromisso di\u00e1rio e permanente, contar com um momento dedicado no calend\u00e1rio \u2014em que a aten\u00e7\u00e3o eclesial se concentra nesse tema\u2014 oferece <strong><b>uma oportunidade para gerar processos sinodais de envolvimento e participa\u00e7\u00e3o de todos os setores da Igreja.<\/b><\/strong><\/p>\n<p>Mais importante ainda, trata-se tamb\u00e9m de <strong><b>uma oportunidade para viver a sinodalidade com outras Igrejas, recordando a dimens\u00e3o ecum\u00eanica dessa celebra\u00e7\u00e3o.<\/b><\/strong>\u00a0Como afirma o Documento Final do S\u00ednodo de 2024: <strong><b>\u201cO caminho da sinodalidade \u00e9 e deve ser ecum\u00eanico, assim como o caminho ecum\u00eanico \u00e9 sinodal\u201d.<\/b><\/strong><\/p>\n<p>A Igreja Cat\u00f3lica ainda precisa avan\u00e7ar muito para ser mais ecum\u00eanica, e aqui temos uma oportunidade muito concreta de caminhar junto com as outras Igrejas. Recordemos que as outras Igrejas est\u00e3o muito mais avan\u00e7adas do que n\u00f3s em suas celebra\u00e7\u00f5es da Festa da Cria\u00e7\u00e3o. Foi somente em 2015 que o Papa Francisco instituiu oficialmente a Jornada, enquanto as outras Igrejas, em muitas regi\u00f5es, j\u00e1 celebravam essa festividade havia d\u00e9cadas.<\/p>\n<p>Por fim, <strong><b>outra oportunidade para a sinodalidade: por defini\u00e7\u00e3o, a ecologia integral \u00e9 sinodal, pois tudo come\u00e7a pela escuta, em particular, pela escuta do \u201cclamor da terra e dos pobres\u201d.<\/b><\/strong>\u00a0E isso requer uma escuta em \u00e2mbito territorial: quais problemas afetam um determinado territ\u00f3rio? Quais s\u00e3o os ecossistemas e as esp\u00e9cies mais agredidos? Quais s\u00e3o as comunidades que mais sofrem? Quais organiza\u00e7\u00f5es da sociedade civil j\u00e1 trabalham com o tema e o que a Igreja local pode aprender com elas? Como pensar processos sinodais que envolvam os diferentes atores eclesiais, ecum\u00eanicos e civis?<\/p>\n<p class=\"p2\"><span class=\"s2\"><b>Voc\u00ea pode estar interessado em:\u00a0<a href=\"https:\/\/observatoriosinodalidad.org\/pt-br\/conselhos-pastorais-chamados-a-se-converter-em-espacos-de-discernimento-sinodal\/\" target=\"_blank\" rel=\"noopener\">Conselhos pastorais, chamados a se converter em espa\u00e7os de discernimento sinodal<\/a><\/b><\/span><\/p>\n<p class=\"p2\"><b><\/b><strong>Carte recomandat\u0103:\u00a0<a href=\"https:\/\/observatoriosinodalidad.org\/pt-br\/project\/iv-congresso-continental-de-teologia-latino-americana-e-caribenha\/\" target=\"_blank\" rel=\"noopener\">IV Congresso Continental de Teologia Latino-Americana e Caribenha Horizontes de liberta\u00e7\u00e3o: tecendo esperan\u00e7as a partir de baixo<\/a><\/strong><\/p>\n<p class=\"p2\"><b><\/b><span class=\"s2\"><b>Inscreva-se em nosso canal Whatsapp:\u00a0<\/b><a href=\"https:\/\/whatsapp.com\/channel\/0029VazM21X6WaKvBlZ91E47\" target=\"_blank\" rel=\"noopener\"><span class=\"s3\"><b>https:\/\/whatsapp.com\/channel\/0029VazM21X6WaKvBlZ91E47<\/b><b><\/b><\/span><\/a><\/span><\/p>\n<p class=\"p4\"><b>Baixe o \u00faltimo caderno de estudo 011:\u00a0<\/b><a href=\"https:\/\/observatoriosinodalidad.org\/pt-br\/project\/rumo-a-uma-vida-religiosa-sinodal\/\" target=\"_blank\" rel=\"noopener\"><span class=\"s3\"><b>Caderno de estudo 011<\/b><\/span><\/a><\/p>\n<p>&nbsp;<\/p>\n","protected":false},"excerpt":{"rendered":"<p>Todos os anos, em 1\u00ba de setembro, a Igreja inicia o Tempo da Cria\u00e7\u00e3o, um per\u00edodo que se estende at\u00e9 4 de outubro e convida comunidades crist\u00e3s de diferentes tradi\u00e7\u00f5es&#8230;<\/p>\n","protected":false},"author":12,"featured_media":19712,"comment_status":"open","ping_status":"closed","sticky":false,"template":"","format":"standard","meta":{"footnotes":""},"categories":[40,43],"tags":[299,76,362],"class_list":["post-19719","post","type-post","status-publish","format-standard","has-post-thumbnail","hentry","category-entrevistas-pt-br","category-noticias-pt-br","tag-cuidado-com-a-criacao","tag-sinodalidade","tag-tempo-da-criacao"],"yoast_head":"<!-- This site is optimized with the Yoast SEO Premium plugin v28.2 (Yoast SEO v28.4) - https:\/\/yoast.com\/product\/yoast-seo-premium-wordpress\/ -->\n<title>Tom\u00e1s Insua: \u201cA ecologia integral requer uma din\u00e2mica sinodal\u201d - Observatorio Latinoamericano de la Sinodalidad<\/title>\n<meta name=\"robots\" content=\"index, follow, max-snippet:-1, max-image-preview:large, max-video-preview:-1\" \/>\n<link rel=\"canonical\" href=\"https:\/\/observatoriosinodalidad.org\/pt-br\/tomas-insua-a-ecologia-integral-requer-uma-dinamica-sinodal\/\" \/>\n<meta property=\"og:locale\" content=\"pt_BR\" \/>\n<meta property=\"og:type\" content=\"article\" \/>\n<meta property=\"og:title\" content=\"Tom\u00e1s Insua: \u201cA ecologia integral requer uma din\u00e2mica sinodal\u201d\" \/>\n<meta property=\"og:description\" content=\"Todos os anos, em 1\u00ba de setembro, a Igreja inicia o Tempo da Cria\u00e7\u00e3o, um per\u00edodo que se estende at\u00e9 4 de outubro e convida comunidades crist\u00e3s de diferentes tradi\u00e7\u00f5es...\" \/>\n<meta property=\"og:url\" content=\"https:\/\/observatoriosinodalidad.org\/pt-br\/tomas-insua-a-ecologia-integral-requer-uma-dinamica-sinodal\/\" \/>\n<meta property=\"og:site_name\" content=\"Observatorio Latinoamericano de la Sinodalidad\" \/>\n<meta property=\"article:publisher\" content=\"https:\/\/www.facebook.com\/profile.php?id=61557630161102\" \/>\n<meta property=\"article:published_time\" content=\"2026-09-02T02:34:39+00:00\" \/>\n<meta property=\"article:modified_time\" content=\"2026-09-03T02:51:01+00:00\" \/>\n<meta property=\"og:image\" content=\"https:\/\/observatoriosinodalidad.org\/wp-content\/uploads\/2026\/09\/Cuaresma-43.png\" \/>\n\t<meta property=\"og:image:width\" content=\"860\" \/>\n\t<meta property=\"og:image:height\" content=\"575\" \/>\n\t<meta property=\"og:image:type\" content=\"image\/png\" \/>\n<meta name=\"author\" content=\"Micaela D\u00edaz Miranda\" \/>\n<meta name=\"twitter:card\" content=\"summary_large_image\" \/>\n<meta name=\"twitter:creator\" content=\"@O_Sinodalidad\" \/>\n<meta name=\"twitter:site\" content=\"@O_Sinodalidad\" \/>\n<meta name=\"twitter:label1\" content=\"Escrito por\" \/>\n\t<meta name=\"twitter:data1\" content=\"Micaela D\u00edaz Miranda\" \/>\n\t<meta name=\"twitter:label2\" content=\"Est. tempo de leitura\" \/>\n\t<meta name=\"twitter:data2\" content=\"6 minutos\" \/>\n<script type=\"application\/ld+json\" class=\"yoast-schema-graph\">{\"@context\":\"https:\\\/\\\/schema.org\",\"@graph\":[{\"@type\":\"Article\",\"@id\":\"https:\\\/\\\/observatoriosinodalidad.org\\\/pt-br\\\/tomas-insua-a-ecologia-integral-requer-uma-dinamica-sinodal\\\/#article\",\"isPartOf\":{\"@id\":\"https:\\\/\\\/observatoriosinodalidad.org\\\/pt-br\\\/tomas-insua-a-ecologia-integral-requer-uma-dinamica-sinodal\\\/\"},\"author\":{\"name\":\"Micaela D\u00edaz Miranda\",\"@id\":\"https:\\\/\\\/observatoriosinodalidad.org\\\/#\\\/schema\\\/person\\\/60d8e086b74b145499032bba348d39fc\"},\"headline\":\"Tom\u00e1s Insua: \u201cA ecologia integral requer uma din\u00e2mica sinodal\u201d\",\"datePublished\":\"2026-09-02T02:34:39+00:00\",\"dateModified\":\"2026-09-03T02:51:01+00:00\",\"mainEntityOfPage\":{\"@id\":\"https:\\\/\\\/observatoriosinodalidad.org\\\/pt-br\\\/tomas-insua-a-ecologia-integral-requer-uma-dinamica-sinodal\\\/\"},\"wordCount\":1356,\"commentCount\":0,\"publisher\":{\"@id\":\"https:\\\/\\\/observatoriosinodalidad.org\\\/#organization\"},\"image\":{\"@id\":\"https:\\\/\\\/observatoriosinodalidad.org\\\/pt-br\\\/tomas-insua-a-ecologia-integral-requer-uma-dinamica-sinodal\\\/#primaryimage\"},\"thumbnailUrl\":\"https:\\\/\\\/observatoriosinodalidad.org\\\/wp-content\\\/uploads\\\/2026\\\/09\\\/Cuaresma-43.png\",\"keywords\":[\"cuidado com a cria\u00e7\u00e3o\",\"sinodalidade\",\"Tempo da Cria\u00e7\u00e3o\"],\"articleSection\":[\"Entrevistas\",\"Not\u00edcias\"],\"inLanguage\":\"pt-BR\",\"potentialAction\":[{\"@type\":\"CommentAction\",\"name\":\"Comment\",\"target\":[\"https:\\\/\\\/observatoriosinodalidad.org\\\/pt-br\\\/tomas-insua-a-ecologia-integral-requer-uma-dinamica-sinodal\\\/#respond\"]}]},{\"@type\":\"WebPage\",\"@id\":\"https:\\\/\\\/observatoriosinodalidad.org\\\/pt-br\\\/tomas-insua-a-ecologia-integral-requer-uma-dinamica-sinodal\\\/\",\"url\":\"https:\\\/\\\/observatoriosinodalidad.org\\\/pt-br\\\/tomas-insua-a-ecologia-integral-requer-uma-dinamica-sinodal\\\/\",\"name\":\"Tom\u00e1s Insua: \u201cA ecologia integral requer uma din\u00e2mica sinodal\u201d - Observatorio Latinoamericano de la Sinodalidad\",\"isPartOf\":{\"@id\":\"https:\\\/\\\/observatoriosinodalidad.org\\\/#website\"},\"primaryImageOfPage\":{\"@id\":\"https:\\\/\\\/observatoriosinodalidad.org\\\/pt-br\\\/tomas-insua-a-ecologia-integral-requer-uma-dinamica-sinodal\\\/#primaryimage\"},\"image\":{\"@id\":\"https:\\\/\\\/observatoriosinodalidad.org\\\/pt-br\\\/tomas-insua-a-ecologia-integral-requer-uma-dinamica-sinodal\\\/#primaryimage\"},\"thumbnailUrl\":\"https:\\\/\\\/observatoriosinodalidad.org\\\/wp-content\\\/uploads\\\/2026\\\/09\\\/Cuaresma-43.png\",\"datePublished\":\"2026-09-02T02:34:39+00:00\",\"dateModified\":\"2026-09-03T02:51:01+00:00\",\"breadcrumb\":{\"@id\":\"https:\\\/\\\/observatoriosinodalidad.org\\\/pt-br\\\/tomas-insua-a-ecologia-integral-requer-uma-dinamica-sinodal\\\/#breadcrumb\"},\"inLanguage\":\"pt-BR\",\"potentialAction\":[{\"@type\":\"ReadAction\",\"target\":[\"https:\\\/\\\/observatoriosinodalidad.org\\\/pt-br\\\/tomas-insua-a-ecologia-integral-requer-uma-dinamica-sinodal\\\/\"]}]},{\"@type\":\"ImageObject\",\"inLanguage\":\"pt-BR\",\"@id\":\"https:\\\/\\\/observatoriosinodalidad.org\\\/pt-br\\\/tomas-insua-a-ecologia-integral-requer-uma-dinamica-sinodal\\\/#primaryimage\",\"url\":\"https:\\\/\\\/observatoriosinodalidad.org\\\/wp-content\\\/uploads\\\/2026\\\/09\\\/Cuaresma-43.png\",\"contentUrl\":\"https:\\\/\\\/observatoriosinodalidad.org\\\/wp-content\\\/uploads\\\/2026\\\/09\\\/Cuaresma-43.png\",\"width\":860,\"height\":575},{\"@type\":\"BreadcrumbList\",\"@id\":\"https:\\\/\\\/observatoriosinodalidad.org\\\/pt-br\\\/tomas-insua-a-ecologia-integral-requer-uma-dinamica-sinodal\\\/#breadcrumb\",\"itemListElement\":[{\"@type\":\"ListItem\",\"position\":1,\"name\":\"Inicio\",\"item\":\"https:\\\/\\\/observatoriosinodalidad.org\\\/pt-br\\\/\"},{\"@type\":\"ListItem\",\"position\":2,\"name\":\"Tom\u00e1s Insua: \u201cA ecologia integral requer uma din\u00e2mica sinodal\u201d\"}]},{\"@type\":\"WebSite\",\"@id\":\"https:\\\/\\\/observatoriosinodalidad.org\\\/#website\",\"url\":\"https:\\\/\\\/observatoriosinodalidad.org\\\/\",\"name\":\"Observatorio Latinoamericano de la Sinodalidad\",\"description\":\"\",\"publisher\":{\"@id\":\"https:\\\/\\\/observatoriosinodalidad.org\\\/#organization\"},\"potentialAction\":[{\"@type\":\"SearchAction\",\"target\":{\"@type\":\"EntryPoint\",\"urlTemplate\":\"https:\\\/\\\/observatoriosinodalidad.org\\\/?s={search_term_string}\"},\"query-input\":{\"@type\":\"PropertyValueSpecification\",\"valueRequired\":true,\"valueName\":\"search_term_string\"}}],\"inLanguage\":\"pt-BR\"},{\"@type\":\"Organization\",\"@id\":\"https:\\\/\\\/observatoriosinodalidad.org\\\/#organization\",\"name\":\"Observatorio Latinoamericano de la Sinodalidad\",\"url\":\"https:\\\/\\\/observatoriosinodalidad.org\\\/\",\"logo\":{\"@type\":\"ImageObject\",\"inLanguage\":\"pt-BR\",\"@id\":\"https:\\\/\\\/observatoriosinodalidad.org\\\/#\\\/schema\\\/logo\\\/image\\\/\",\"url\":\"https:\\\/\\\/observatoriosinodalidad.org\\\/wp-content\\\/uploads\\\/2024\\\/03\\\/logo.png\",\"contentUrl\":\"https:\\\/\\\/observatoriosinodalidad.org\\\/wp-content\\\/uploads\\\/2024\\\/03\\\/logo.png\",\"width\":250,\"height\":90,\"caption\":\"Observatorio Latinoamericano de la Sinodalidad\"},\"image\":{\"@id\":\"https:\\\/\\\/observatoriosinodalidad.org\\\/#\\\/schema\\\/logo\\\/image\\\/\"},\"sameAs\":[\"https:\\\/\\\/www.facebook.com\\\/profile.php?id=61557630161102\",\"https:\\\/\\\/x.com\\\/O_Sinodalidad\",\"https:\\\/\\\/www.youtube.com\\\/channel\\\/UC-45VOYfrCGFA-mycUuaX2A\",\"https:\\\/\\\/www.instagram.com\\\/observatoriosinodalidad\\\/\"]},{\"@type\":\"Person\",\"@id\":\"https:\\\/\\\/observatoriosinodalidad.org\\\/#\\\/schema\\\/person\\\/60d8e086b74b145499032bba348d39fc\",\"name\":\"Micaela D\u00edaz Miranda\",\"image\":{\"@type\":\"ImageObject\",\"inLanguage\":\"pt-BR\",\"@id\":\"https:\\\/\\\/secure.gravatar.com\\\/avatar\\\/7fc24ebb962109e25106b6470db92df2381897cd82de7ef8fafb87e554cd037a?s=96&d=mm&r=g\",\"url\":\"https:\\\/\\\/secure.gravatar.com\\\/avatar\\\/7fc24ebb962109e25106b6470db92df2381897cd82de7ef8fafb87e554cd037a?s=96&d=mm&r=g\",\"contentUrl\":\"https:\\\/\\\/secure.gravatar.com\\\/avatar\\\/7fc24ebb962109e25106b6470db92df2381897cd82de7ef8fafb87e554cd037a?s=96&d=mm&r=g\",\"caption\":\"Micaela D\u00edaz Miranda\"},\"url\":\"https:\\\/\\\/observatoriosinodalidad.org\\\/pt-br\\\/author\\\/micaela\\\/\"}]}<\/script>\n<!-- \/ Yoast SEO Premium plugin. -->","yoast_head_json":{"title":"Tom\u00e1s Insua: \u201cA ecologia integral requer uma din\u00e2mica sinodal\u201d - Observatorio Latinoamericano de la Sinodalidad","robots":{"index":"index","follow":"follow","max-snippet":"max-snippet:-1","max-image-preview":"max-image-preview:large","max-video-preview":"max-video-preview:-1"},"canonical":"https:\/\/observatoriosinodalidad.org\/pt-br\/tomas-insua-a-ecologia-integral-requer-uma-dinamica-sinodal\/","og_locale":"pt_BR","og_type":"article","og_title":"Tom\u00e1s Insua: \u201cA ecologia integral requer uma din\u00e2mica sinodal\u201d","og_description":"Todos os anos, em 1\u00ba de setembro, a Igreja inicia o Tempo da Cria\u00e7\u00e3o, um per\u00edodo que se estende at\u00e9 4 de outubro e convida comunidades crist\u00e3s de diferentes tradi\u00e7\u00f5es...","og_url":"https:\/\/observatoriosinodalidad.org\/pt-br\/tomas-insua-a-ecologia-integral-requer-uma-dinamica-sinodal\/","og_site_name":"Observatorio Latinoamericano de la Sinodalidad","article_publisher":"https:\/\/www.facebook.com\/profile.php?id=61557630161102","article_published_time":"2026-09-02T02:34:39+00:00","article_modified_time":"2026-09-03T02:51:01+00:00","og_image":[{"width":860,"height":575,"url":"https:\/\/observatoriosinodalidad.org\/wp-content\/uploads\/2026\/09\/Cuaresma-43.png","type":"image\/png"}],"author":"Micaela D\u00edaz Miranda","twitter_card":"summary_large_image","twitter_creator":"@O_Sinodalidad","twitter_site":"@O_Sinodalidad","twitter_misc":{"Escrito por":"Micaela D\u00edaz Miranda","Est. tempo de leitura":"6 minutos"},"schema":{"@context":"https:\/\/schema.org","@graph":[{"@type":"Article","@id":"https:\/\/observatoriosinodalidad.org\/pt-br\/tomas-insua-a-ecologia-integral-requer-uma-dinamica-sinodal\/#article","isPartOf":{"@id":"https:\/\/observatoriosinodalidad.org\/pt-br\/tomas-insua-a-ecologia-integral-requer-uma-dinamica-sinodal\/"},"author":{"name":"Micaela D\u00edaz Miranda","@id":"https:\/\/observatoriosinodalidad.org\/#\/schema\/person\/60d8e086b74b145499032bba348d39fc"},"headline":"Tom\u00e1s Insua: \u201cA ecologia integral requer uma din\u00e2mica sinodal\u201d","datePublished":"2026-09-02T02:34:39+00:00","dateModified":"2026-09-03T02:51:01+00:00","mainEntityOfPage":{"@id":"https:\/\/observatoriosinodalidad.org\/pt-br\/tomas-insua-a-ecologia-integral-requer-uma-dinamica-sinodal\/"},"wordCount":1356,"commentCount":0,"publisher":{"@id":"https:\/\/observatoriosinodalidad.org\/#organization"},"image":{"@id":"https:\/\/observatoriosinodalidad.org\/pt-br\/tomas-insua-a-ecologia-integral-requer-uma-dinamica-sinodal\/#primaryimage"},"thumbnailUrl":"https:\/\/observatoriosinodalidad.org\/wp-content\/uploads\/2026\/09\/Cuaresma-43.png","keywords":["cuidado com a cria\u00e7\u00e3o","sinodalidade","Tempo da Cria\u00e7\u00e3o"],"articleSection":["Entrevistas","Not\u00edcias"],"inLanguage":"pt-BR","potentialAction":[{"@type":"CommentAction","name":"Comment","target":["https:\/\/observatoriosinodalidad.org\/pt-br\/tomas-insua-a-ecologia-integral-requer-uma-dinamica-sinodal\/#respond"]}]},{"@type":"WebPage","@id":"https:\/\/observatoriosinodalidad.org\/pt-br\/tomas-insua-a-ecologia-integral-requer-uma-dinamica-sinodal\/","url":"https:\/\/observatoriosinodalidad.org\/pt-br\/tomas-insua-a-ecologia-integral-requer-uma-dinamica-sinodal\/","name":"Tom\u00e1s Insua: \u201cA ecologia integral requer uma din\u00e2mica sinodal\u201d - Observatorio Latinoamericano de la Sinodalidad","isPartOf":{"@id":"https:\/\/observatoriosinodalidad.org\/#website"},"primaryImageOfPage":{"@id":"https:\/\/observatoriosinodalidad.org\/pt-br\/tomas-insua-a-ecologia-integral-requer-uma-dinamica-sinodal\/#primaryimage"},"image":{"@id":"https:\/\/observatoriosinodalidad.org\/pt-br\/tomas-insua-a-ecologia-integral-requer-uma-dinamica-sinodal\/#primaryimage"},"thumbnailUrl":"https:\/\/observatoriosinodalidad.org\/wp-content\/uploads\/2026\/09\/Cuaresma-43.png","datePublished":"2026-09-02T02:34:39+00:00","dateModified":"2026-09-03T02:51:01+00:00","breadcrumb":{"@id":"https:\/\/observatoriosinodalidad.org\/pt-br\/tomas-insua-a-ecologia-integral-requer-uma-dinamica-sinodal\/#breadcrumb"},"inLanguage":"pt-BR","potentialAction":[{"@type":"ReadAction","target":["https:\/\/observatoriosinodalidad.org\/pt-br\/tomas-insua-a-ecologia-integral-requer-uma-dinamica-sinodal\/"]}]},{"@type":"ImageObject","inLanguage":"pt-BR","@id":"https:\/\/observatoriosinodalidad.org\/pt-br\/tomas-insua-a-ecologia-integral-requer-uma-dinamica-sinodal\/#primaryimage","url":"https:\/\/observatoriosinodalidad.org\/wp-content\/uploads\/2026\/09\/Cuaresma-43.png","contentUrl":"https:\/\/observatoriosinodalidad.org\/wp-content\/uploads\/2026\/09\/Cuaresma-43.png","width":860,"height":575},{"@type":"BreadcrumbList","@id":"https:\/\/observatoriosinodalidad.org\/pt-br\/tomas-insua-a-ecologia-integral-requer-uma-dinamica-sinodal\/#breadcrumb","itemListElement":[{"@type":"ListItem","position":1,"name":"Inicio","item":"https:\/\/observatoriosinodalidad.org\/pt-br\/"},{"@type":"ListItem","position":2,"name":"Tom\u00e1s Insua: \u201cA ecologia integral requer uma din\u00e2mica sinodal\u201d"}]},{"@type":"WebSite","@id":"https:\/\/observatoriosinodalidad.org\/#website","url":"https:\/\/observatoriosinodalidad.org\/","name":"Observatorio Latinoamericano de la Sinodalidad","description":"","publisher":{"@id":"https:\/\/observatoriosinodalidad.org\/#organization"},"potentialAction":[{"@type":"SearchAction","target":{"@type":"EntryPoint","urlTemplate":"https:\/\/observatoriosinodalidad.org\/?s={search_term_string}"},"query-input":{"@type":"PropertyValueSpecification","valueRequired":true,"valueName":"search_term_string"}}],"inLanguage":"pt-BR"},{"@type":"Organization","@id":"https:\/\/observatoriosinodalidad.org\/#organization","name":"Observatorio Latinoamericano de la Sinodalidad","url":"https:\/\/observatoriosinodalidad.org\/","logo":{"@type":"ImageObject","inLanguage":"pt-BR","@id":"https:\/\/observatoriosinodalidad.org\/#\/schema\/logo\/image\/","url":"https:\/\/observatoriosinodalidad.org\/wp-content\/uploads\/2024\/03\/logo.png","contentUrl":"https:\/\/observatoriosinodalidad.org\/wp-content\/uploads\/2024\/03\/logo.png","width":250,"height":90,"caption":"Observatorio Latinoamericano de la Sinodalidad"},"image":{"@id":"https:\/\/observatoriosinodalidad.org\/#\/schema\/logo\/image\/"},"sameAs":["https:\/\/www.facebook.com\/profile.php?id=61557630161102","https:\/\/x.com\/O_Sinodalidad","https:\/\/www.youtube.com\/channel\/UC-45VOYfrCGFA-mycUuaX2A","https:\/\/www.instagram.com\/observatoriosinodalidad\/"]},{"@type":"Person","@id":"https:\/\/observatoriosinodalidad.org\/#\/schema\/person\/60d8e086b74b145499032bba348d39fc","name":"Micaela D\u00edaz Miranda","image":{"@type":"ImageObject","inLanguage":"pt-BR","@id":"https:\/\/secure.gravatar.com\/avatar\/7fc24ebb962109e25106b6470db92df2381897cd82de7ef8fafb87e554cd037a?s=96&d=mm&r=g","url":"https:\/\/secure.gravatar.com\/avatar\/7fc24ebb962109e25106b6470db92df2381897cd82de7ef8fafb87e554cd037a?s=96&d=mm&r=g","contentUrl":"https:\/\/secure.gravatar.com\/avatar\/7fc24ebb962109e25106b6470db92df2381897cd82de7ef8fafb87e554cd037a?s=96&d=mm&r=g","caption":"Micaela D\u00edaz Miranda"},"url":"https:\/\/observatoriosinodalidad.org\/pt-br\/author\/micaela\/"}]}},"_links":{"self":[{"href":"https:\/\/observatoriosinodalidad.org\/pt-br\/wp-json\/wp\/v2\/posts\/19719","targetHints":{"allow":["GET"]}}],"collection":[{"href":"https:\/\/observatoriosinodalidad.org\/pt-br\/wp-json\/wp\/v2\/posts"}],"about":[{"href":"https:\/\/observatoriosinodalidad.org\/pt-br\/wp-json\/wp\/v2\/types\/post"}],"author":[{"embeddable":true,"href":"https:\/\/observatoriosinodalidad.org\/pt-br\/wp-json\/wp\/v2\/users\/12"}],"replies":[{"embeddable":true,"href":"https:\/\/observatoriosinodalidad.org\/pt-br\/wp-json\/wp\/v2\/comments?post=19719"}],"version-history":[{"count":2,"href":"https:\/\/observatoriosinodalidad.org\/pt-br\/wp-json\/wp\/v2\/posts\/19719\/revisions"}],"predecessor-version":[{"id":19724,"href":"https:\/\/observatoriosinodalidad.org\/pt-br\/wp-json\/wp\/v2\/posts\/19719\/revisions\/19724"}],"wp:featuredmedia":[{"embeddable":true,"href":"https:\/\/observatoriosinodalidad.org\/pt-br\/wp-json\/wp\/v2\/media\/19712"}],"wp:attachment":[{"href":"https:\/\/observatoriosinodalidad.org\/pt-br\/wp-json\/wp\/v2\/media?parent=19719"}],"wp:term":[{"taxonomy":"category","embeddable":true,"href":"https:\/\/observatoriosinodalidad.org\/pt-br\/wp-json\/wp\/v2\/categories?post=19719"},{"taxonomy":"post_tag","embeddable":true,"href":"https:\/\/observatoriosinodalidad.org\/pt-br\/wp-json\/wp\/v2\/tags?post=19719"}],"curies":[{"name":"wp","href":"https:\/\/api.w.org\/{rel}","templated":true}]}}