{"id":19706,"date":"2026-08-31T21:05:42","date_gmt":"2026-09-01T02:05:42","guid":{"rendered":"https:\/\/observatoriosinodalidad.org\/?p=19706"},"modified":"2026-09-02T21:50:41","modified_gmt":"2026-09-03T02:50:41","slug":"papa-leao-xiv-reforca-o-papel-dos-sinodos-no-governo-das-igrejas-orientais","status":"publish","type":"post","link":"https:\/\/observatoriosinodalidad.org\/pt-br\/papa-leao-xiv-reforca-o-papel-dos-sinodos-no-governo-das-igrejas-orientais\/","title":{"rendered":"Papa Le\u00e3o XIV refor\u00e7a o papel dos S\u00ednodos no governo das Igrejas Orientais"},"content":{"rendered":"<p>O Papa Le\u00e3o XIV modificou as normas que regulam o funcionamento dos S\u00ednodos das Igrejas Cat\u00f3licas Orientais. Por meio da Carta Apost\u00f3lica sob forma de <em><i>Motu Proprio<\/i><\/em>\u00a0<strong><b>\u201c<a href=\"https:\/\/www.vatican.va\/content\/leo-xiv\/it\/apost_letters\/documents\/20260829-mutua-concordia.html\" target=\"_blank\" rel=\"noopener\">Mutua Concordia<\/a>\u201d<\/b><\/strong>, promulgada em 29 de agosto de 2026, o Pont\u00edfice reformou os c\u00e2nones 106 e 126 do <em><i>Codex Canonum Ecclesiarum Orientalium<\/i><\/em>.<\/p>\n<p>A reforma busca <strong><b>refor\u00e7ar a dimens\u00e3o colegial do governo das Igrejas patriarcais e arquiepiscopais maiores<\/b><\/strong>, especialmente na rela\u00e7\u00e3o entre o Patriarca e o conjunto dos bispos que integram o S\u00ednodo.<\/p>\n<p>O Papa Le\u00e3o XIV parte de uma convic\u00e7\u00e3o: <strong><b>a elei\u00e7\u00e3o de quem exerce como <\/b><\/strong><strong><em><b><i>Pater et Caput<\/i><\/b><\/em><\/strong><strong><b>\u00a0de uma Igreja <\/b><\/strong><strong><em><b><i>sui iuris<\/i><\/b><\/em><\/strong><strong><b>\u00a0nasce do pr\u00f3prio S\u00ednodo<\/b><\/strong>\u00a0e, por isso, a responsabilidade compartilhada n\u00e3o deveria limitar-se ao momento da elei\u00e7\u00e3o. <strong><b>Segundo o documento, essa dimens\u00e3o deve permanecer tamb\u00e9m durante o exerc\u00edcio do minist\u00e9rio e na vida ordin\u00e1ria da assembleia episcopal.<\/b><\/strong><\/p>\n<p>A normativa reconhece, al\u00e9m disso, que <strong><b>as Igrejas Cat\u00f3licas Orientais t\u00eam uma tradi\u00e7\u00e3o sinodal pr\u00f3pria<\/b><\/strong>\u00a0e toma como refer\u00eancia a experi\u00eancia das Igrejas Ortodoxas no que diz respeito \u00e0 vida eclesial e \u00e0 responsabilidade episcopal.<\/p>\n<h3><strong><b>Caminho definido diante de uma crise de comunh\u00e3o<\/b><\/strong><\/h3>\n<p>A principal novidade da reforma est\u00e1 no tratamento de situa\u00e7\u00f5es excepcionais em que ocorra uma grave ruptura entre o Patriarca e os demais bispos.<\/p>\n<p>O documento sustenta que o Patriarca \u00e9 o \u201cPrimeiro\u201d da Igreja e n\u00e3o apenas aquele que preside uma reuni\u00e3o de bispos. Contudo, sua autoridade n\u00e3o \u00e9 concebida \u00e0 margem da comunh\u00e3o episcopal. Quando essa rela\u00e7\u00e3o estiver gravemente abalada e n\u00e3o puder ser restabelecida, <strong><b>o S\u00ednodo poder\u00e1 intervir de acordo com um procedimento estabelecido pelo direito.<\/b><\/strong><\/p>\n<p><strong><b>A nova legisla\u00e7\u00e3o permite que o S\u00ednodo, diante de uma causa grave, solicite ao Patriarca sua ren\u00fancia. Se ele n\u00e3o aceitar, poder\u00e1 ser iniciado um processo para decidir sua remo\u00e7\u00e3o.<\/b><\/strong><\/p>\n<p>Para chegar a essa decis\u00e3o, <strong><b>o bispo com maior antiguidade na ordena\u00e7\u00e3o episcopal e com direito a voto dever\u00e1 conduzir a elei\u00e7\u00e3o de um novo presidente do S\u00ednodo.<\/b><\/strong>\u00a0<strong><b>A proposta de remo\u00e7\u00e3o dever\u00e1 ser posteriormente submetida a uma vota\u00e7\u00e3o secreta.<\/b><\/strong><\/p>\n<p>A norma exige maioria qualificada: <strong><b>dois ter\u00e7os dos membros do S\u00ednodo que tenham direito a voto<\/b><\/strong>.<\/p>\n<p>O procedimento incorpora tamb\u00e9m uma garantia para o Patriarca, que dever\u00e1 ter a possibilidade de exercer plenamente sua defesa diante da assembleia episcopal.<\/p>\n<h3><strong><b>A decis\u00e3o n\u00e3o fica apenas nas m\u00e3os do S\u00ednodo<\/b><\/strong><\/h3>\n<p>Embora a reforma amplie a compet\u00eancia dos bispos reunidos em S\u00ednodo, o Papa Le\u00e3o XIV mant\u00e9m uma interven\u00e7\u00e3o decisiva da S\u00e9 Apost\u00f3lica.<\/p>\n<p>Uma eventual decis\u00e3o sinodal de remover o Patriarca dever\u00e1 ser comunicada ao Romano Pont\u00edfice. <strong><b>Ser\u00e1 o Papa quem dar\u00e1 o consentimento necess\u00e1rio para que a remo\u00e7\u00e3o se torne efetiva e a S\u00e9 Patriarcal fique vacante<\/b><\/strong>.<\/p>\n<p>Dessa forma, a reforma articula dois n\u00edveis de responsabilidade: <strong><b>a participa\u00e7\u00e3o da Igreja local, expressa em seu S\u00ednodo, e a autoridade pr\u00f3pria do Romano Pont\u00edfice.<\/b><\/strong><\/p>\n<h3><strong><b>Alternativa para evitar que o S\u00ednodo fique bloqueado<\/b><\/strong><\/h3>\n<p>A modifica\u00e7\u00e3o do c\u00e2non 106 introduz outra novidade. At\u00e9 agora, <strong><b>a convoca\u00e7\u00e3o do S\u00ednodo cabia ao Patriarca; a nova disposi\u00e7\u00e3o prev\u00ea o que ocorre quando essa obriga\u00e7\u00e3o n\u00e3o \u00e9 cumprida.<\/b><\/strong><\/p>\n<p>Nesse caso, <strong><b>a convoca\u00e7\u00e3o poder\u00e1 ser feita pelo bispo com maior antiguidade na ordena\u00e7\u00e3o episcopal e que tenha direito a voto.<\/b><\/strong>\u00a0Se ele tamb\u00e9m n\u00e3o assumir a tarefa, poder\u00e1 faz\u00ea-lo o bispo seguinte que re\u00fana as condi\u00e7\u00f5es previstas pela norma, e assim sucessivamente.<\/p>\n<p><strong><b>A disposi\u00e7\u00e3o pretende garantir que a inst\u00e2ncia sinodal possa funcionar mesmo quando aquele que normalmente tem a responsabilidade de convoc\u00e1-la n\u00e3o o fa\u00e7a.<\/b><\/strong><\/p>\n<h3><strong><b>Sinodalidade como responsabilidade compartilhada<\/b><\/strong><\/h3>\n<p>Para o Pont\u00edfice, a comunh\u00e3o n\u00e3o se reduz a uma rela\u00e7\u00e3o institucional entre aqueles que exercem diferentes responsabilidades, pois implica tamb\u00e9m uma responsabilidade comum no governo da Igreja.<\/p>\n<p>Por isso, o <em><i>Motu Proprio<\/i><\/em>\u00a0relaciona estreitamente a autoridade do Patriarca com a participa\u00e7\u00e3o dos demais bispos. <strong><b>A finalidade n\u00e3o \u00e9 eliminar a primazia do <\/b><\/strong><strong><em><b><i>Pater et Caput<\/i><\/b><\/em><\/strong><strong><b>, mas estabelecer mecanismos que permitam preservar a comunh\u00e3o quando ela estiver gravemente comprometida.<\/b><\/strong><\/p>\n<p>Ao final de sua argumenta\u00e7\u00e3o, o documento retoma a imagem utilizada por Santo In\u00e1cio de Antioquia de <strong><b>uma Igreja capaz de expressar sua unidade \u201ca uma s\u00f3 voz\u201d<\/b><\/strong>. Essa refer\u00eancia sintetiza o horizonte da reforma: <strong><b>fortalecer os espa\u00e7os de discernimento comum sem deixar de lado as compet\u00eancias pr\u00f3prias do Patriarca nem as prerrogativas da S\u00e9 Apost\u00f3lica.<\/b><\/strong><\/p>\n<p>As modifica\u00e7\u00f5es entram em vigor imediatamente com sua publica\u00e7\u00e3o no <em><i>L\u2019Osservatore Romano<\/i><\/em>\u00a0e ser\u00e3o posteriormente incorporadas aos <em><i>Acta Apostolicae Sedis<\/i><\/em>.<\/p>\n<p>Leia aqui:\u00a0<a href=\"https:\/\/www.vatican.va\/content\/leo-xiv\/it\/apost_letters\/documents\/20260829-mutua-concordia.html\" target=\"_blank\" rel=\"noopener\">https:\/\/www.vatican.va\/content\/leo-xiv\/it\/apost_letters\/documents\/20260829-mutua-concordia.html<\/a><\/p>\n<p class=\"p2\"><span class=\"s2\"><b>Voc\u00ea pode estar interessado em:\u00a0<a href=\"https:\/\/observatoriosinodalidad.org\/pt-br\/conselhos-pastorais-chamados-a-se-converter-em-espacos-de-discernimento-sinodal\/\" target=\"_blank\" rel=\"noopener\">Conselhos pastorais, chamados a se converter em espa\u00e7os de discernimento sinodal<\/a><\/b><\/span><\/p>\n<p class=\"p2\"><b><\/b><strong>Carte recomandat\u0103:\u00a0<a href=\"https:\/\/observatoriosinodalidad.org\/pt-br\/project\/iv-congresso-continental-de-teologia-latino-americana-e-caribenha\/\" target=\"_blank\" rel=\"noopener\">IV Congresso Continental de Teologia Latino-Americana e Caribenha Horizontes de liberta\u00e7\u00e3o: tecendo esperan\u00e7as a partir de baixo<\/a><\/strong><\/p>\n<p class=\"p2\"><b><\/b><span class=\"s2\"><b>Inscreva-se em nosso canal Whatsapp:\u00a0<\/b><a href=\"https:\/\/whatsapp.com\/channel\/0029VazM21X6WaKvBlZ91E47\" target=\"_blank\" rel=\"noopener\"><span class=\"s3\"><b>https:\/\/whatsapp.com\/channel\/0029VazM21X6WaKvBlZ91E47<\/b><b><\/b><\/span><\/a><\/span><\/p>\n<p class=\"p4\"><b>Baixe o \u00faltimo caderno de estudo 011:\u00a0<\/b><a href=\"https:\/\/observatoriosinodalidad.org\/pt-br\/project\/rumo-a-uma-vida-religiosa-sinodal\/\" target=\"_blank\" rel=\"noopener\"><span class=\"s3\"><b>Caderno de estudo 011<\/b><\/span><\/a><\/p>\n<p>&nbsp;<\/p>\n","protected":false},"excerpt":{"rendered":"<p>O Papa Le\u00e3o XIV modificou as normas que regulam o funcionamento dos S\u00ednodos das Igrejas Cat\u00f3licas Orientais. Por meio da Carta Apost\u00f3lica sob forma de Motu Proprio\u00a0\u201cMutua Concordia\u201d, promulgada em&#8230;<\/p>\n","protected":false},"author":12,"featured_media":19698,"comment_status":"open","ping_status":"closed","sticky":false,"template":"","format":"standard","meta":{"footnotes":""},"categories":[43],"tags":[244],"class_list":["post-19706","post","type-post","status-publish","format-standard","has-post-thumbnail","hentry","category-noticias-pt-br","tag-papa-leao-xiv"],"yoast_head":"<!-- This site is optimized with the Yoast SEO Premium plugin v28.2 (Yoast SEO v28.4) - https:\/\/yoast.com\/product\/yoast-seo-premium-wordpress\/ -->\n<title>Papa Le\u00e3o XIV refor\u00e7a o papel dos S\u00ednodos no governo das Igrejas Orientais - Observatorio Latinoamericano de la Sinodalidad<\/title>\n<meta name=\"description\" content=\"Uma nova norma can\u00f4nica estabelece como os S\u00ednodos poder\u00e3o agir diante de uma grave crise de comunh\u00e3o com o Patriarca e garante que a decis\u00e3o final sobre sua eventual remo\u00e7\u00e3o caiba ao Papa.\" \/>\n<meta name=\"robots\" content=\"index, follow, max-snippet:-1, max-image-preview:large, max-video-preview:-1\" \/>\n<link rel=\"canonical\" href=\"https:\/\/observatoriosinodalidad.org\/pt-br\/papa-leao-xiv-reforca-o-papel-dos-sinodos-no-governo-das-igrejas-orientais\/\" \/>\n<meta property=\"og:locale\" content=\"pt_BR\" \/>\n<meta property=\"og:type\" content=\"article\" \/>\n<meta property=\"og:title\" content=\"Papa Le\u00e3o XIV refor\u00e7a o papel dos S\u00ednodos no governo das Igrejas Orientais\" \/>\n<meta property=\"og:description\" content=\"Uma nova norma can\u00f4nica estabelece como os S\u00ednodos poder\u00e3o agir diante de uma grave crise de comunh\u00e3o com o Patriarca e garante que a decis\u00e3o final sobre sua eventual remo\u00e7\u00e3o caiba ao Papa.\" \/>\n<meta property=\"og:url\" content=\"https:\/\/observatoriosinodalidad.org\/pt-br\/papa-leao-xiv-reforca-o-papel-dos-sinodos-no-governo-das-igrejas-orientais\/\" \/>\n<meta property=\"og:site_name\" content=\"Observatorio Latinoamericano de la Sinodalidad\" \/>\n<meta property=\"article:publisher\" content=\"https:\/\/www.facebook.com\/profile.php?id=61557630161102\" \/>\n<meta property=\"article:published_time\" content=\"2026-09-01T02:05:42+00:00\" \/>\n<meta property=\"article:modified_time\" content=\"2026-09-03T02:50:41+00:00\" \/>\n<meta property=\"og:image\" content=\"https:\/\/observatoriosinodalidad.org\/wp-content\/uploads\/2026\/09\/Cuaresma-41.png\" \/>\n\t<meta property=\"og:image:width\" content=\"860\" \/>\n\t<meta property=\"og:image:height\" content=\"575\" \/>\n\t<meta property=\"og:image:type\" content=\"image\/png\" \/>\n<meta name=\"author\" content=\"Micaela D\u00edaz Miranda\" \/>\n<meta name=\"twitter:card\" content=\"summary_large_image\" \/>\n<meta name=\"twitter:creator\" content=\"@O_Sinodalidad\" \/>\n<meta name=\"twitter:site\" content=\"@O_Sinodalidad\" \/>\n<meta name=\"twitter:label1\" content=\"Escrito por\" \/>\n\t<meta name=\"twitter:data1\" content=\"Micaela D\u00edaz Miranda\" \/>\n\t<meta name=\"twitter:label2\" content=\"Est. tempo de leitura\" \/>\n\t<meta name=\"twitter:data2\" content=\"4 minutos\" \/>\n<script type=\"application\/ld+json\" class=\"yoast-schema-graph\">{\"@context\":\"https:\\\/\\\/schema.org\",\"@graph\":[{\"@type\":\"Article\",\"@id\":\"https:\\\/\\\/observatoriosinodalidad.org\\\/pt-br\\\/papa-leao-xiv-reforca-o-papel-dos-sinodos-no-governo-das-igrejas-orientais\\\/#article\",\"isPartOf\":{\"@id\":\"https:\\\/\\\/observatoriosinodalidad.org\\\/pt-br\\\/papa-leao-xiv-reforca-o-papel-dos-sinodos-no-governo-das-igrejas-orientais\\\/\"},\"author\":{\"name\":\"Micaela D\u00edaz Miranda\",\"@id\":\"https:\\\/\\\/observatoriosinodalidad.org\\\/#\\\/schema\\\/person\\\/60d8e086b74b145499032bba348d39fc\"},\"headline\":\"Papa Le\u00e3o XIV refor\u00e7a o papel dos S\u00ednodos no governo das Igrejas Orientais\",\"datePublished\":\"2026-09-01T02:05:42+00:00\",\"dateModified\":\"2026-09-03T02:50:41+00:00\",\"mainEntityOfPage\":{\"@id\":\"https:\\\/\\\/observatoriosinodalidad.org\\\/pt-br\\\/papa-leao-xiv-reforca-o-papel-dos-sinodos-no-governo-das-igrejas-orientais\\\/\"},\"wordCount\":902,\"commentCount\":0,\"publisher\":{\"@id\":\"https:\\\/\\\/observatoriosinodalidad.org\\\/#organization\"},\"image\":{\"@id\":\"https:\\\/\\\/observatoriosinodalidad.org\\\/pt-br\\\/papa-leao-xiv-reforca-o-papel-dos-sinodos-no-governo-das-igrejas-orientais\\\/#primaryimage\"},\"thumbnailUrl\":\"https:\\\/\\\/observatoriosinodalidad.org\\\/wp-content\\\/uploads\\\/2026\\\/09\\\/Cuaresma-41.png\",\"keywords\":[\"Papa Le\u00e3o XIV\"],\"articleSection\":[\"Not\u00edcias\"],\"inLanguage\":\"pt-BR\",\"potentialAction\":[{\"@type\":\"CommentAction\",\"name\":\"Comment\",\"target\":[\"https:\\\/\\\/observatoriosinodalidad.org\\\/pt-br\\\/papa-leao-xiv-reforca-o-papel-dos-sinodos-no-governo-das-igrejas-orientais\\\/#respond\"]}]},{\"@type\":\"WebPage\",\"@id\":\"https:\\\/\\\/observatoriosinodalidad.org\\\/pt-br\\\/papa-leao-xiv-reforca-o-papel-dos-sinodos-no-governo-das-igrejas-orientais\\\/\",\"url\":\"https:\\\/\\\/observatoriosinodalidad.org\\\/pt-br\\\/papa-leao-xiv-reforca-o-papel-dos-sinodos-no-governo-das-igrejas-orientais\\\/\",\"name\":\"Papa Le\u00e3o XIV refor\u00e7a o papel dos S\u00ednodos no governo das Igrejas Orientais - Observatorio Latinoamericano de la Sinodalidad\",\"isPartOf\":{\"@id\":\"https:\\\/\\\/observatoriosinodalidad.org\\\/#website\"},\"primaryImageOfPage\":{\"@id\":\"https:\\\/\\\/observatoriosinodalidad.org\\\/pt-br\\\/papa-leao-xiv-reforca-o-papel-dos-sinodos-no-governo-das-igrejas-orientais\\\/#primaryimage\"},\"image\":{\"@id\":\"https:\\\/\\\/observatoriosinodalidad.org\\\/pt-br\\\/papa-leao-xiv-reforca-o-papel-dos-sinodos-no-governo-das-igrejas-orientais\\\/#primaryimage\"},\"thumbnailUrl\":\"https:\\\/\\\/observatoriosinodalidad.org\\\/wp-content\\\/uploads\\\/2026\\\/09\\\/Cuaresma-41.png\",\"datePublished\":\"2026-09-01T02:05:42+00:00\",\"dateModified\":\"2026-09-03T02:50:41+00:00\",\"description\":\"Uma nova norma can\u00f4nica estabelece como os S\u00ednodos poder\u00e3o agir diante de uma grave crise de comunh\u00e3o com o Patriarca e garante que a decis\u00e3o final sobre sua eventual remo\u00e7\u00e3o caiba ao Papa.\",\"breadcrumb\":{\"@id\":\"https:\\\/\\\/observatoriosinodalidad.org\\\/pt-br\\\/papa-leao-xiv-reforca-o-papel-dos-sinodos-no-governo-das-igrejas-orientais\\\/#breadcrumb\"},\"inLanguage\":\"pt-BR\",\"potentialAction\":[{\"@type\":\"ReadAction\",\"target\":[\"https:\\\/\\\/observatoriosinodalidad.org\\\/pt-br\\\/papa-leao-xiv-reforca-o-papel-dos-sinodos-no-governo-das-igrejas-orientais\\\/\"]}]},{\"@type\":\"ImageObject\",\"inLanguage\":\"pt-BR\",\"@id\":\"https:\\\/\\\/observatoriosinodalidad.org\\\/pt-br\\\/papa-leao-xiv-reforca-o-papel-dos-sinodos-no-governo-das-igrejas-orientais\\\/#primaryimage\",\"url\":\"https:\\\/\\\/observatoriosinodalidad.org\\\/wp-content\\\/uploads\\\/2026\\\/09\\\/Cuaresma-41.png\",\"contentUrl\":\"https:\\\/\\\/observatoriosinodalidad.org\\\/wp-content\\\/uploads\\\/2026\\\/09\\\/Cuaresma-41.png\",\"width\":860,\"height\":575},{\"@type\":\"BreadcrumbList\",\"@id\":\"https:\\\/\\\/observatoriosinodalidad.org\\\/pt-br\\\/papa-leao-xiv-reforca-o-papel-dos-sinodos-no-governo-das-igrejas-orientais\\\/#breadcrumb\",\"itemListElement\":[{\"@type\":\"ListItem\",\"position\":1,\"name\":\"Inicio\",\"item\":\"https:\\\/\\\/observatoriosinodalidad.org\\\/pt-br\\\/\"},{\"@type\":\"ListItem\",\"position\":2,\"name\":\"Papa Le\u00e3o XIV refor\u00e7a o papel dos S\u00ednodos no governo das Igrejas Orientais\"}]},{\"@type\":\"WebSite\",\"@id\":\"https:\\\/\\\/observatoriosinodalidad.org\\\/#website\",\"url\":\"https:\\\/\\\/observatoriosinodalidad.org\\\/\",\"name\":\"Observatorio Latinoamericano de la Sinodalidad\",\"description\":\"\",\"publisher\":{\"@id\":\"https:\\\/\\\/observatoriosinodalidad.org\\\/#organization\"},\"potentialAction\":[{\"@type\":\"SearchAction\",\"target\":{\"@type\":\"EntryPoint\",\"urlTemplate\":\"https:\\\/\\\/observatoriosinodalidad.org\\\/?s={search_term_string}\"},\"query-input\":{\"@type\":\"PropertyValueSpecification\",\"valueRequired\":true,\"valueName\":\"search_term_string\"}}],\"inLanguage\":\"pt-BR\"},{\"@type\":\"Organization\",\"@id\":\"https:\\\/\\\/observatoriosinodalidad.org\\\/#organization\",\"name\":\"Observatorio Latinoamericano de la Sinodalidad\",\"url\":\"https:\\\/\\\/observatoriosinodalidad.org\\\/\",\"logo\":{\"@type\":\"ImageObject\",\"inLanguage\":\"pt-BR\",\"@id\":\"https:\\\/\\\/observatoriosinodalidad.org\\\/#\\\/schema\\\/logo\\\/image\\\/\",\"url\":\"https:\\\/\\\/observatoriosinodalidad.org\\\/wp-content\\\/uploads\\\/2024\\\/03\\\/logo.png\",\"contentUrl\":\"https:\\\/\\\/observatoriosinodalidad.org\\\/wp-content\\\/uploads\\\/2024\\\/03\\\/logo.png\",\"width\":250,\"height\":90,\"caption\":\"Observatorio Latinoamericano de la Sinodalidad\"},\"image\":{\"@id\":\"https:\\\/\\\/observatoriosinodalidad.org\\\/#\\\/schema\\\/logo\\\/image\\\/\"},\"sameAs\":[\"https:\\\/\\\/www.facebook.com\\\/profile.php?id=61557630161102\",\"https:\\\/\\\/x.com\\\/O_Sinodalidad\",\"https:\\\/\\\/www.youtube.com\\\/channel\\\/UC-45VOYfrCGFA-mycUuaX2A\",\"https:\\\/\\\/www.instagram.com\\\/observatoriosinodalidad\\\/\"]},{\"@type\":\"Person\",\"@id\":\"https:\\\/\\\/observatoriosinodalidad.org\\\/#\\\/schema\\\/person\\\/60d8e086b74b145499032bba348d39fc\",\"name\":\"Micaela D\u00edaz Miranda\",\"image\":{\"@type\":\"ImageObject\",\"inLanguage\":\"pt-BR\",\"@id\":\"https:\\\/\\\/secure.gravatar.com\\\/avatar\\\/7fc24ebb962109e25106b6470db92df2381897cd82de7ef8fafb87e554cd037a?s=96&d=mm&r=g\",\"url\":\"https:\\\/\\\/secure.gravatar.com\\\/avatar\\\/7fc24ebb962109e25106b6470db92df2381897cd82de7ef8fafb87e554cd037a?s=96&d=mm&r=g\",\"contentUrl\":\"https:\\\/\\\/secure.gravatar.com\\\/avatar\\\/7fc24ebb962109e25106b6470db92df2381897cd82de7ef8fafb87e554cd037a?s=96&d=mm&r=g\",\"caption\":\"Micaela D\u00edaz Miranda\"},\"url\":\"https:\\\/\\\/observatoriosinodalidad.org\\\/pt-br\\\/author\\\/micaela\\\/\"}]}<\/script>\n<!-- \/ Yoast SEO Premium plugin. -->","yoast_head_json":{"title":"Papa Le\u00e3o XIV refor\u00e7a o papel dos S\u00ednodos no governo das Igrejas Orientais - Observatorio Latinoamericano de la Sinodalidad","description":"Uma nova norma can\u00f4nica estabelece como os S\u00ednodos poder\u00e3o agir diante de uma grave crise de comunh\u00e3o com o Patriarca e garante que a decis\u00e3o final sobre sua eventual remo\u00e7\u00e3o caiba ao Papa.","robots":{"index":"index","follow":"follow","max-snippet":"max-snippet:-1","max-image-preview":"max-image-preview:large","max-video-preview":"max-video-preview:-1"},"canonical":"https:\/\/observatoriosinodalidad.org\/pt-br\/papa-leao-xiv-reforca-o-papel-dos-sinodos-no-governo-das-igrejas-orientais\/","og_locale":"pt_BR","og_type":"article","og_title":"Papa Le\u00e3o XIV refor\u00e7a o papel dos S\u00ednodos no governo das Igrejas Orientais","og_description":"Uma nova norma can\u00f4nica estabelece como os S\u00ednodos poder\u00e3o agir diante de uma grave crise de comunh\u00e3o com o Patriarca e garante que a decis\u00e3o final sobre sua eventual remo\u00e7\u00e3o caiba ao Papa.","og_url":"https:\/\/observatoriosinodalidad.org\/pt-br\/papa-leao-xiv-reforca-o-papel-dos-sinodos-no-governo-das-igrejas-orientais\/","og_site_name":"Observatorio Latinoamericano de la Sinodalidad","article_publisher":"https:\/\/www.facebook.com\/profile.php?id=61557630161102","article_published_time":"2026-09-01T02:05:42+00:00","article_modified_time":"2026-09-03T02:50:41+00:00","og_image":[{"width":860,"height":575,"url":"https:\/\/observatoriosinodalidad.org\/wp-content\/uploads\/2026\/09\/Cuaresma-41.png","type":"image\/png"}],"author":"Micaela D\u00edaz Miranda","twitter_card":"summary_large_image","twitter_creator":"@O_Sinodalidad","twitter_site":"@O_Sinodalidad","twitter_misc":{"Escrito por":"Micaela D\u00edaz Miranda","Est. tempo de leitura":"4 minutos"},"schema":{"@context":"https:\/\/schema.org","@graph":[{"@type":"Article","@id":"https:\/\/observatoriosinodalidad.org\/pt-br\/papa-leao-xiv-reforca-o-papel-dos-sinodos-no-governo-das-igrejas-orientais\/#article","isPartOf":{"@id":"https:\/\/observatoriosinodalidad.org\/pt-br\/papa-leao-xiv-reforca-o-papel-dos-sinodos-no-governo-das-igrejas-orientais\/"},"author":{"name":"Micaela D\u00edaz Miranda","@id":"https:\/\/observatoriosinodalidad.org\/#\/schema\/person\/60d8e086b74b145499032bba348d39fc"},"headline":"Papa Le\u00e3o XIV refor\u00e7a o papel dos S\u00ednodos no governo das Igrejas Orientais","datePublished":"2026-09-01T02:05:42+00:00","dateModified":"2026-09-03T02:50:41+00:00","mainEntityOfPage":{"@id":"https:\/\/observatoriosinodalidad.org\/pt-br\/papa-leao-xiv-reforca-o-papel-dos-sinodos-no-governo-das-igrejas-orientais\/"},"wordCount":902,"commentCount":0,"publisher":{"@id":"https:\/\/observatoriosinodalidad.org\/#organization"},"image":{"@id":"https:\/\/observatoriosinodalidad.org\/pt-br\/papa-leao-xiv-reforca-o-papel-dos-sinodos-no-governo-das-igrejas-orientais\/#primaryimage"},"thumbnailUrl":"https:\/\/observatoriosinodalidad.org\/wp-content\/uploads\/2026\/09\/Cuaresma-41.png","keywords":["Papa Le\u00e3o XIV"],"articleSection":["Not\u00edcias"],"inLanguage":"pt-BR","potentialAction":[{"@type":"CommentAction","name":"Comment","target":["https:\/\/observatoriosinodalidad.org\/pt-br\/papa-leao-xiv-reforca-o-papel-dos-sinodos-no-governo-das-igrejas-orientais\/#respond"]}]},{"@type":"WebPage","@id":"https:\/\/observatoriosinodalidad.org\/pt-br\/papa-leao-xiv-reforca-o-papel-dos-sinodos-no-governo-das-igrejas-orientais\/","url":"https:\/\/observatoriosinodalidad.org\/pt-br\/papa-leao-xiv-reforca-o-papel-dos-sinodos-no-governo-das-igrejas-orientais\/","name":"Papa Le\u00e3o XIV refor\u00e7a o papel dos S\u00ednodos no governo das Igrejas Orientais - Observatorio Latinoamericano de la Sinodalidad","isPartOf":{"@id":"https:\/\/observatoriosinodalidad.org\/#website"},"primaryImageOfPage":{"@id":"https:\/\/observatoriosinodalidad.org\/pt-br\/papa-leao-xiv-reforca-o-papel-dos-sinodos-no-governo-das-igrejas-orientais\/#primaryimage"},"image":{"@id":"https:\/\/observatoriosinodalidad.org\/pt-br\/papa-leao-xiv-reforca-o-papel-dos-sinodos-no-governo-das-igrejas-orientais\/#primaryimage"},"thumbnailUrl":"https:\/\/observatoriosinodalidad.org\/wp-content\/uploads\/2026\/09\/Cuaresma-41.png","datePublished":"2026-09-01T02:05:42+00:00","dateModified":"2026-09-03T02:50:41+00:00","description":"Uma nova norma can\u00f4nica estabelece como os S\u00ednodos poder\u00e3o agir diante de uma grave crise de comunh\u00e3o com o Patriarca e garante que a decis\u00e3o final sobre sua eventual remo\u00e7\u00e3o caiba ao Papa.","breadcrumb":{"@id":"https:\/\/observatoriosinodalidad.org\/pt-br\/papa-leao-xiv-reforca-o-papel-dos-sinodos-no-governo-das-igrejas-orientais\/#breadcrumb"},"inLanguage":"pt-BR","potentialAction":[{"@type":"ReadAction","target":["https:\/\/observatoriosinodalidad.org\/pt-br\/papa-leao-xiv-reforca-o-papel-dos-sinodos-no-governo-das-igrejas-orientais\/"]}]},{"@type":"ImageObject","inLanguage":"pt-BR","@id":"https:\/\/observatoriosinodalidad.org\/pt-br\/papa-leao-xiv-reforca-o-papel-dos-sinodos-no-governo-das-igrejas-orientais\/#primaryimage","url":"https:\/\/observatoriosinodalidad.org\/wp-content\/uploads\/2026\/09\/Cuaresma-41.png","contentUrl":"https:\/\/observatoriosinodalidad.org\/wp-content\/uploads\/2026\/09\/Cuaresma-41.png","width":860,"height":575},{"@type":"BreadcrumbList","@id":"https:\/\/observatoriosinodalidad.org\/pt-br\/papa-leao-xiv-reforca-o-papel-dos-sinodos-no-governo-das-igrejas-orientais\/#breadcrumb","itemListElement":[{"@type":"ListItem","position":1,"name":"Inicio","item":"https:\/\/observatoriosinodalidad.org\/pt-br\/"},{"@type":"ListItem","position":2,"name":"Papa Le\u00e3o XIV refor\u00e7a o papel dos S\u00ednodos no governo das Igrejas Orientais"}]},{"@type":"WebSite","@id":"https:\/\/observatoriosinodalidad.org\/#website","url":"https:\/\/observatoriosinodalidad.org\/","name":"Observatorio Latinoamericano de la Sinodalidad","description":"","publisher":{"@id":"https:\/\/observatoriosinodalidad.org\/#organization"},"potentialAction":[{"@type":"SearchAction","target":{"@type":"EntryPoint","urlTemplate":"https:\/\/observatoriosinodalidad.org\/?s={search_term_string}"},"query-input":{"@type":"PropertyValueSpecification","valueRequired":true,"valueName":"search_term_string"}}],"inLanguage":"pt-BR"},{"@type":"Organization","@id":"https:\/\/observatoriosinodalidad.org\/#organization","name":"Observatorio Latinoamericano de la Sinodalidad","url":"https:\/\/observatoriosinodalidad.org\/","logo":{"@type":"ImageObject","inLanguage":"pt-BR","@id":"https:\/\/observatoriosinodalidad.org\/#\/schema\/logo\/image\/","url":"https:\/\/observatoriosinodalidad.org\/wp-content\/uploads\/2024\/03\/logo.png","contentUrl":"https:\/\/observatoriosinodalidad.org\/wp-content\/uploads\/2024\/03\/logo.png","width":250,"height":90,"caption":"Observatorio Latinoamericano de la Sinodalidad"},"image":{"@id":"https:\/\/observatoriosinodalidad.org\/#\/schema\/logo\/image\/"},"sameAs":["https:\/\/www.facebook.com\/profile.php?id=61557630161102","https:\/\/x.com\/O_Sinodalidad","https:\/\/www.youtube.com\/channel\/UC-45VOYfrCGFA-mycUuaX2A","https:\/\/www.instagram.com\/observatoriosinodalidad\/"]},{"@type":"Person","@id":"https:\/\/observatoriosinodalidad.org\/#\/schema\/person\/60d8e086b74b145499032bba348d39fc","name":"Micaela D\u00edaz Miranda","image":{"@type":"ImageObject","inLanguage":"pt-BR","@id":"https:\/\/secure.gravatar.com\/avatar\/7fc24ebb962109e25106b6470db92df2381897cd82de7ef8fafb87e554cd037a?s=96&d=mm&r=g","url":"https:\/\/secure.gravatar.com\/avatar\/7fc24ebb962109e25106b6470db92df2381897cd82de7ef8fafb87e554cd037a?s=96&d=mm&r=g","contentUrl":"https:\/\/secure.gravatar.com\/avatar\/7fc24ebb962109e25106b6470db92df2381897cd82de7ef8fafb87e554cd037a?s=96&d=mm&r=g","caption":"Micaela D\u00edaz Miranda"},"url":"https:\/\/observatoriosinodalidad.org\/pt-br\/author\/micaela\/"}]}},"_links":{"self":[{"href":"https:\/\/observatoriosinodalidad.org\/pt-br\/wp-json\/wp\/v2\/posts\/19706","targetHints":{"allow":["GET"]}}],"collection":[{"href":"https:\/\/observatoriosinodalidad.org\/pt-br\/wp-json\/wp\/v2\/posts"}],"about":[{"href":"https:\/\/observatoriosinodalidad.org\/pt-br\/wp-json\/wp\/v2\/types\/post"}],"author":[{"embeddable":true,"href":"https:\/\/observatoriosinodalidad.org\/pt-br\/wp-json\/wp\/v2\/users\/12"}],"replies":[{"embeddable":true,"href":"https:\/\/observatoriosinodalidad.org\/pt-br\/wp-json\/wp\/v2\/comments?post=19706"}],"version-history":[{"count":3,"href":"https:\/\/observatoriosinodalidad.org\/pt-br\/wp-json\/wp\/v2\/posts\/19706\/revisions"}],"predecessor-version":[{"id":19723,"href":"https:\/\/observatoriosinodalidad.org\/pt-br\/wp-json\/wp\/v2\/posts\/19706\/revisions\/19723"}],"wp:featuredmedia":[{"embeddable":true,"href":"https:\/\/observatoriosinodalidad.org\/pt-br\/wp-json\/wp\/v2\/media\/19698"}],"wp:attachment":[{"href":"https:\/\/observatoriosinodalidad.org\/pt-br\/wp-json\/wp\/v2\/media?parent=19706"}],"wp:term":[{"taxonomy":"category","embeddable":true,"href":"https:\/\/observatoriosinodalidad.org\/pt-br\/wp-json\/wp\/v2\/categories?post=19706"},{"taxonomy":"post_tag","embeddable":true,"href":"https:\/\/observatoriosinodalidad.org\/pt-br\/wp-json\/wp\/v2\/tags?post=19706"}],"curies":[{"name":"wp","href":"https:\/\/api.w.org\/{rel}","templated":true}]}}