{"id":19700,"date":"2026-08-28T10:38:03","date_gmt":"2026-08-28T15:38:03","guid":{"rendered":"https:\/\/observatoriosinodalidad.org\/?p=19700"},"modified":"2026-09-02T21:24:08","modified_gmt":"2026-09-03T02:24:08","slug":"bispos-brasileiros-animam-a-nao-deixar-cair-a-profecia-e-reivindicam-uma-igreja-sinodal-ao-lado-dos-pobres","status":"publish","type":"post","link":"https:\/\/observatoriosinodalidad.org\/pt-br\/bispos-brasileiros-animam-a-nao-deixar-cair-a-profecia-e-reivindicam-uma-igreja-sinodal-ao-lado-dos-pobres\/","title":{"rendered":"Bispos brasileiros animam a n\u00e3o deixar cair a profecia e reivindicam uma Igreja sinodal ao lado dos pobres"},"content":{"rendered":"<p>Em meio aos desafios sociais, pol\u00edticos, ambientais e tecnol\u00f3gicos que atravessam o Brasil, os <strong><b>Bispos do Di\u00e1logo pelo Reino<\/b><\/strong>\u00a0publicaram, no dia 21 de agosto, o comunicado \u201c<em><i>N\u00e3o deixemos cair a profecia<\/i><\/em>\u201d, no qual reivindicam uma Igreja sinodal, comprometida com o Evangelho e pr\u00f3xima das pessoas pobres, dos que sofrem e da defesa da Casa Comum.<\/p>\n<p>O pronunciamento parte das <strong><b>Diretrizes Gerais da A\u00e7\u00e3o Evangelizadora da Igreja no Brasil 2026-2032<\/b><\/strong>, aprovadas durante a 62.\u00aa Assembleia Geral da Confer\u00eancia Nacional dos Bispos do Brasil (CNBB). O documento recorda que <strong><b>a miss\u00e3o da Igreja \u00e9 evangelizar e tornar presente o Reino de Deus na realidade, uma tarefa que, assinalam os bispos, n\u00e3o pode ficar relegada diante de outras prioridades<\/b><\/strong>.<\/p>\n<p>Para os signat\u00e1rios, <strong><b>a evangeliza\u00e7\u00e3o nasce do encontro pessoal com Cristo, desenvolve-se na vida comunit\u00e1ria e conduz necessariamente a uma a\u00e7\u00e3o transformadora da sociedade e ao cuidado da Casa Comum<\/b><\/strong>. Nesse horizonte, situam<strong><b>\u00a0a sinodalidade como uma forma de caminhar juntos pelo caminho do Reino<\/b><\/strong>, seguindo Jesus Cristo e assumindo suas op\u00e7\u00f5es pela justi\u00e7a, pela paz, pela fraternidade, pela inclus\u00e3o e pela miseric\u00f3rdia.<\/p>\n<h3><strong>Igreja que escuta e age<\/strong><\/h3>\n<p>O comunicado sustenta que, diante da atual crise social e ecol\u00f3gica, <strong><b>os crist\u00e3os s\u00e3o chamados a refletir, agir e contribuir para a constru\u00e7\u00e3o de uma sociedade orientada pelo bem viver<\/b><\/strong>. Essa responsabilidade adquire uma dimens\u00e3o especial para os bispos, chamados a defender as pessoas mais pobres e sofredoras e a cuidar da cria\u00e7\u00e3o.<\/p>\n<p>Os prelados valorizam o trabalho de lideran\u00e7as, comunidades eclesiais, pastorais sociais e movimentos populares que anunciam o Evangelho da vida e denunciam estruturas que geram viol\u00eancia e exclus\u00e3o. <strong><b>Entre as situa\u00e7\u00f5es mencionadas aparecem a minera\u00e7\u00e3o predat\u00f3ria, um modelo de agroneg\u00f3cio sem crit\u00e9rios, as condi\u00e7\u00f5es do mundo do trabalho e as viol\u00eancias contra mulheres, povos origin\u00e1rios, afrodescendentes e popula\u00e7\u00e3o LGBTQIAPN+<\/b><\/strong>.<\/p>\n<p>Nesse ponto, o texto estabelece uma rela\u00e7\u00e3o direta entre a miss\u00e3o evangelizadora e uma Igreja sinodal que n\u00e3o permanece indiferente diante das feridas da sociedade. A escuta, o discernimento e a participa\u00e7\u00e3o na vida das comunidades se traduzem, segundo os bispos, em uma presen\u00e7a ativa diante das injusti\u00e7as.<\/p>\n<h3><strong>Diante da polariza\u00e7\u00e3o, recuperar a profecia<\/strong><\/h3>\n<p>O comunicado tamb\u00e9m adverte sobre o crescimento de discursos autorit\u00e1rios, violentos e superficiais difundidos por meio das redes sociais e de alguns meios de comunica\u00e7\u00e3o de inspira\u00e7\u00e3o cat\u00f3lica. Segundo os bispos, essas express\u00f5es chegam inclusive de setores do clero, da vida religiosa e do laicato.<\/p>\n<p>O documento <strong><b>denuncia que esses discursos atacam aqueles que vivem sua f\u00e9 junto aos pobres, defendem a democracia ou trabalham pelas quest\u00f5es ambientais<\/b><\/strong>. Para os signat\u00e1rios, essas din\u00e2micas criam \u201cbolhas alienadas e alienantes\u201d e alimentam uma cultura de \u00f3dio que acaba afetando a comunh\u00e3o eclesial.<\/p>\n<p>Os bispos advertem que os ataques n\u00e3o se dirigem apenas contra determinadas posi\u00e7\u00f5es pastorais, mas tamb\u00e9m contra membros do episcopado, sacerdotes, di\u00e1conos, religiosas, religiosos, consagrados e leigos. O prop\u00f3sito, sustentam, \u00e9 <strong><b>\u201cdesqualificar, silenciar, intimidar e at\u00e9 calar a voz prof\u00e9tica da Igreja\u201d<\/b><\/strong>.<\/p>\n<p>Essa preocupa\u00e7\u00e3o \u00e9 posta em rela\u00e7\u00e3o com a recente enc\u00edclica <em><i>Magnifica Humanitas<\/i><\/em>\u00a0do Papa Le\u00e3o XIV. O Papa adverte ali sobre <strong><b>o risco de construir sociedades cada vez mais desumanas e chama a aten\u00e7\u00e3o para a velocidade com que a digitaliza\u00e7\u00e3o, a intelig\u00eancia artificial e a rob\u00f3tica est\u00e3o transformando o mundo<\/b><\/strong>.<\/p>\n<p>Os bispos retomam especialmente a advert\u00eancia papal sobre a \u201cs\u00edndrome de Babel\u201d: a idolatria do lucro que sacrifica os fracos, a uniformidade que elimina as diferen\u00e7as e a pretens\u00e3o de reduzir at\u00e9 mesmo o mist\u00e9rio da pessoa humana a dados e desempenho.<\/p>\n<h3><strong>Democracia, Casa Comum e elei\u00e7\u00f5es<\/strong><\/h3>\n<p>O pronunciamento tamb\u00e9m olha para o cen\u00e1rio eleitoral brasileiro e retoma a <strong><b>Mensagem ao Povo Brasileiro<\/b><\/strong>, aprovada pela CNBB em 24 de abril de 2026. Nesse contexto, <strong><b>os bispos animam a renovar o compromisso com a vida, a democracia, a soberania e a defesa da Casa Comum<\/b><\/strong>.<\/p>\n<p>Esclarecem que a Igreja n\u00e3o tem partido pol\u00edtico, mas tem uma posi\u00e7\u00e3o diante das realidades que afetam a sociedade. Por isso, <strong><b>expressam sua proximidade com aqueles que defendem os pobres, a democracia e a soberania nacional, e rejeitam as posturas fascistas, a manipula\u00e7\u00e3o pol\u00edtica da religi\u00e3o, a desinforma\u00e7\u00e3o e a difus\u00e3o do \u00f3dio nos espa\u00e7os digitais<\/b><\/strong>.<\/p>\n<p>O chamado final \u00e9 dirigido aos cidad\u00e3os, a quem convidam a realizar uma escolha \u201cconsciente e l\u00facida\u201d e a considerar candidaturas comprometidas com as causas populares, o bem comum e a prote\u00e7\u00e3o da Casa Comum.<\/p>\n<p>O comunicado conclui colocando esta tarefa sob a figura de Maria, apresentada como \u201cprofetisa da liberta\u00e7\u00e3o\u201d. Os bispos pedem que seu Magnificat n\u00e3o seja apenas uma ora\u00e7\u00e3o pronunciada com os l\u00e1bios, mas que <strong><b>se traduza em decis\u00f5es e a\u00e7\u00f5es capazes de fazer crescer a justi\u00e7a, a fraternidade e a esperan\u00e7a<\/b><\/strong>.<\/p>\n<p><a href=\"https:\/\/observatoriosinodalidad.org\/wp-content\/uploads\/2026\/08\/NAO-DEIXEMOS-CAIR-A-PROFECIA-1.pdf\" target=\"_blank\" rel=\"noopener\">NAO-DEIXEMOS-CAIR-A-PROFECIA <\/a><\/p>\n<p class=\"p2\"><span class=\"s2\"><b>Voc\u00ea pode estar interessado em:\u00a0<a href=\"https:\/\/observatoriosinodalidad.org\/pt-br\/conselhos-pastorais-chamados-a-se-converter-em-espacos-de-discernimento-sinodal\/\" target=\"_blank\" rel=\"noopener\">Conselhos pastorais, chamados a se converter em espa\u00e7os de discernimento sinodal<\/a><\/b><\/span><\/p>\n<p class=\"p2\"><b><\/b><strong>Carte recomandat\u0103:\u00a0<a href=\"https:\/\/observatoriosinodalidad.org\/pt-br\/project\/iv-congresso-continental-de-teologia-latino-americana-e-caribenha\/\" target=\"_blank\" rel=\"noopener\">IV Congresso Continental de Teologia Latino-Americana e Caribenha Horizontes de liberta\u00e7\u00e3o: tecendo esperan\u00e7as a partir de baixo<\/a><\/strong><\/p>\n<p class=\"p2\"><b><\/b><span class=\"s2\"><b>Inscreva-se em nosso canal Whatsapp:\u00a0<\/b><a href=\"https:\/\/whatsapp.com\/channel\/0029VazM21X6WaKvBlZ91E47\" target=\"_blank\" rel=\"noopener\"><span class=\"s3\"><b>https:\/\/whatsapp.com\/channel\/0029VazM21X6WaKvBlZ91E47<\/b><b><\/b><\/span><\/a><\/span><\/p>\n<p class=\"p4\"><b>Baixe o \u00faltimo caderno de estudo 011:\u00a0<\/b><a href=\"https:\/\/observatoriosinodalidad.org\/pt-br\/project\/rumo-a-uma-vida-religiosa-sinodal\/\" target=\"_blank\" rel=\"noopener\"><span class=\"s3\"><b>Caderno de estudo 011<\/b><\/span><\/a><\/p>\n","protected":false},"excerpt":{"rendered":"<p>Em meio aos desafios sociais, pol\u00edticos, ambientais e tecnol\u00f3gicos que atravessam o Brasil, os Bispos do Di\u00e1logo pelo Reino\u00a0publicaram, no dia 21 de agosto, o comunicado \u201cN\u00e3o deixemos cair a&#8230;<\/p>\n","protected":false},"author":12,"featured_media":19692,"comment_status":"open","ping_status":"closed","sticky":false,"template":"","format":"standard","meta":{"footnotes":""},"categories":[43],"tags":[360],"class_list":["post-19700","post","type-post","status-publish","format-standard","has-post-thumbnail","hentry","category-noticias-pt-br","tag-democracia"],"yoast_head":"<!-- This site is optimized with the Yoast SEO Premium plugin v28.2 (Yoast SEO v28.4) - https:\/\/yoast.com\/product\/yoast-seo-premium-wordpress\/ -->\n<title>Bispos brasileiros animam a n\u00e3o deixar cair a profecia e reivindicam uma Igreja sinodal ao lado dos pobres - Observatorio Latinoamericano de la Sinodalidad<\/title>\n<meta name=\"description\" content=\"Os Bispos do Di\u00e1logo pelo Reino questionam os discursos de \u00f3dio que circulam nas redes e em alguns espa\u00e7os de inspira\u00e7\u00e3o cat\u00f3lica, e chamam a defender a democracia, a Casa Comum e as pessoas mais vulner\u00e1veis.\" \/>\n<meta name=\"robots\" content=\"index, follow, max-snippet:-1, max-image-preview:large, max-video-preview:-1\" \/>\n<link rel=\"canonical\" href=\"https:\/\/observatoriosinodalidad.org\/pt-br\/bispos-brasileiros-animam-a-nao-deixar-cair-a-profecia-e-reivindicam-uma-igreja-sinodal-ao-lado-dos-pobres\/\" \/>\n<meta property=\"og:locale\" content=\"pt_BR\" \/>\n<meta property=\"og:type\" content=\"article\" \/>\n<meta property=\"og:title\" content=\"Bispos brasileiros animam a n\u00e3o deixar cair a profecia e reivindicam uma Igreja sinodal ao lado dos pobres\" \/>\n<meta property=\"og:description\" content=\"Os Bispos do Di\u00e1logo pelo Reino questionam os discursos de \u00f3dio que circulam nas redes e em alguns espa\u00e7os de inspira\u00e7\u00e3o cat\u00f3lica, e chamam a defender a democracia, a Casa Comum e as pessoas mais vulner\u00e1veis.\" \/>\n<meta property=\"og:url\" content=\"https:\/\/observatoriosinodalidad.org\/pt-br\/bispos-brasileiros-animam-a-nao-deixar-cair-a-profecia-e-reivindicam-uma-igreja-sinodal-ao-lado-dos-pobres\/\" \/>\n<meta property=\"og:site_name\" content=\"Observatorio Latinoamericano de la Sinodalidad\" \/>\n<meta property=\"article:publisher\" content=\"https:\/\/www.facebook.com\/profile.php?id=61557630161102\" \/>\n<meta property=\"article:published_time\" content=\"2026-08-28T15:38:03+00:00\" \/>\n<meta property=\"article:modified_time\" content=\"2026-09-03T02:24:08+00:00\" \/>\n<meta property=\"og:image\" content=\"https:\/\/observatoriosinodalidad.org\/wp-content\/uploads\/2026\/08\/Cuaresma-40.png\" \/>\n\t<meta property=\"og:image:width\" content=\"860\" \/>\n\t<meta property=\"og:image:height\" content=\"575\" \/>\n\t<meta property=\"og:image:type\" content=\"image\/png\" \/>\n<meta name=\"author\" content=\"Micaela D\u00edaz Miranda\" \/>\n<meta name=\"twitter:card\" content=\"summary_large_image\" \/>\n<meta name=\"twitter:creator\" content=\"@O_Sinodalidad\" \/>\n<meta name=\"twitter:site\" content=\"@O_Sinodalidad\" \/>\n<meta name=\"twitter:label1\" content=\"Escrito por\" \/>\n\t<meta name=\"twitter:data1\" content=\"Micaela D\u00edaz Miranda\" \/>\n\t<meta name=\"twitter:label2\" content=\"Est. tempo de leitura\" \/>\n\t<meta name=\"twitter:data2\" content=\"4 minutos\" \/>\n<script type=\"application\/ld+json\" class=\"yoast-schema-graph\">{\"@context\":\"https:\\\/\\\/schema.org\",\"@graph\":[{\"@type\":\"Article\",\"@id\":\"https:\\\/\\\/observatoriosinodalidad.org\\\/pt-br\\\/bispos-brasileiros-animam-a-nao-deixar-cair-a-profecia-e-reivindicam-uma-igreja-sinodal-ao-lado-dos-pobres\\\/#article\",\"isPartOf\":{\"@id\":\"https:\\\/\\\/observatoriosinodalidad.org\\\/pt-br\\\/bispos-brasileiros-animam-a-nao-deixar-cair-a-profecia-e-reivindicam-uma-igreja-sinodal-ao-lado-dos-pobres\\\/\"},\"author\":{\"name\":\"Micaela D\u00edaz Miranda\",\"@id\":\"https:\\\/\\\/observatoriosinodalidad.org\\\/#\\\/schema\\\/person\\\/60d8e086b74b145499032bba348d39fc\"},\"headline\":\"Bispos brasileiros animam a n\u00e3o deixar cair a profecia e reivindicam uma Igreja sinodal ao lado dos pobres\",\"datePublished\":\"2026-08-28T15:38:03+00:00\",\"dateModified\":\"2026-09-03T02:24:08+00:00\",\"mainEntityOfPage\":{\"@id\":\"https:\\\/\\\/observatoriosinodalidad.org\\\/pt-br\\\/bispos-brasileiros-animam-a-nao-deixar-cair-a-profecia-e-reivindicam-uma-igreja-sinodal-ao-lado-dos-pobres\\\/\"},\"wordCount\":936,\"commentCount\":0,\"publisher\":{\"@id\":\"https:\\\/\\\/observatoriosinodalidad.org\\\/#organization\"},\"image\":{\"@id\":\"https:\\\/\\\/observatoriosinodalidad.org\\\/pt-br\\\/bispos-brasileiros-animam-a-nao-deixar-cair-a-profecia-e-reivindicam-uma-igreja-sinodal-ao-lado-dos-pobres\\\/#primaryimage\"},\"thumbnailUrl\":\"https:\\\/\\\/observatoriosinodalidad.org\\\/wp-content\\\/uploads\\\/2026\\\/08\\\/Cuaresma-40.png\",\"keywords\":[\"democracia\"],\"articleSection\":[\"Not\u00edcias\"],\"inLanguage\":\"pt-BR\",\"potentialAction\":[{\"@type\":\"CommentAction\",\"name\":\"Comment\",\"target\":[\"https:\\\/\\\/observatoriosinodalidad.org\\\/pt-br\\\/bispos-brasileiros-animam-a-nao-deixar-cair-a-profecia-e-reivindicam-uma-igreja-sinodal-ao-lado-dos-pobres\\\/#respond\"]}]},{\"@type\":\"WebPage\",\"@id\":\"https:\\\/\\\/observatoriosinodalidad.org\\\/pt-br\\\/bispos-brasileiros-animam-a-nao-deixar-cair-a-profecia-e-reivindicam-uma-igreja-sinodal-ao-lado-dos-pobres\\\/\",\"url\":\"https:\\\/\\\/observatoriosinodalidad.org\\\/pt-br\\\/bispos-brasileiros-animam-a-nao-deixar-cair-a-profecia-e-reivindicam-uma-igreja-sinodal-ao-lado-dos-pobres\\\/\",\"name\":\"Bispos brasileiros animam a n\u00e3o deixar cair a profecia e reivindicam uma Igreja sinodal ao lado dos pobres - Observatorio Latinoamericano de la Sinodalidad\",\"isPartOf\":{\"@id\":\"https:\\\/\\\/observatoriosinodalidad.org\\\/#website\"},\"primaryImageOfPage\":{\"@id\":\"https:\\\/\\\/observatoriosinodalidad.org\\\/pt-br\\\/bispos-brasileiros-animam-a-nao-deixar-cair-a-profecia-e-reivindicam-uma-igreja-sinodal-ao-lado-dos-pobres\\\/#primaryimage\"},\"image\":{\"@id\":\"https:\\\/\\\/observatoriosinodalidad.org\\\/pt-br\\\/bispos-brasileiros-animam-a-nao-deixar-cair-a-profecia-e-reivindicam-uma-igreja-sinodal-ao-lado-dos-pobres\\\/#primaryimage\"},\"thumbnailUrl\":\"https:\\\/\\\/observatoriosinodalidad.org\\\/wp-content\\\/uploads\\\/2026\\\/08\\\/Cuaresma-40.png\",\"datePublished\":\"2026-08-28T15:38:03+00:00\",\"dateModified\":\"2026-09-03T02:24:08+00:00\",\"description\":\"Os Bispos do Di\u00e1logo pelo Reino questionam os discursos de \u00f3dio que circulam nas redes e em alguns espa\u00e7os de inspira\u00e7\u00e3o cat\u00f3lica, e chamam a defender a democracia, a Casa Comum e as pessoas mais vulner\u00e1veis.\",\"breadcrumb\":{\"@id\":\"https:\\\/\\\/observatoriosinodalidad.org\\\/pt-br\\\/bispos-brasileiros-animam-a-nao-deixar-cair-a-profecia-e-reivindicam-uma-igreja-sinodal-ao-lado-dos-pobres\\\/#breadcrumb\"},\"inLanguage\":\"pt-BR\",\"potentialAction\":[{\"@type\":\"ReadAction\",\"target\":[\"https:\\\/\\\/observatoriosinodalidad.org\\\/pt-br\\\/bispos-brasileiros-animam-a-nao-deixar-cair-a-profecia-e-reivindicam-uma-igreja-sinodal-ao-lado-dos-pobres\\\/\"]}]},{\"@type\":\"ImageObject\",\"inLanguage\":\"pt-BR\",\"@id\":\"https:\\\/\\\/observatoriosinodalidad.org\\\/pt-br\\\/bispos-brasileiros-animam-a-nao-deixar-cair-a-profecia-e-reivindicam-uma-igreja-sinodal-ao-lado-dos-pobres\\\/#primaryimage\",\"url\":\"https:\\\/\\\/observatoriosinodalidad.org\\\/wp-content\\\/uploads\\\/2026\\\/08\\\/Cuaresma-40.png\",\"contentUrl\":\"https:\\\/\\\/observatoriosinodalidad.org\\\/wp-content\\\/uploads\\\/2026\\\/08\\\/Cuaresma-40.png\",\"width\":860,\"height\":575},{\"@type\":\"BreadcrumbList\",\"@id\":\"https:\\\/\\\/observatoriosinodalidad.org\\\/pt-br\\\/bispos-brasileiros-animam-a-nao-deixar-cair-a-profecia-e-reivindicam-uma-igreja-sinodal-ao-lado-dos-pobres\\\/#breadcrumb\",\"itemListElement\":[{\"@type\":\"ListItem\",\"position\":1,\"name\":\"Inicio\",\"item\":\"https:\\\/\\\/observatoriosinodalidad.org\\\/pt-br\\\/\"},{\"@type\":\"ListItem\",\"position\":2,\"name\":\"Bispos brasileiros animam a n\u00e3o deixar cair a profecia e reivindicam uma Igreja sinodal ao lado dos pobres\"}]},{\"@type\":\"WebSite\",\"@id\":\"https:\\\/\\\/observatoriosinodalidad.org\\\/#website\",\"url\":\"https:\\\/\\\/observatoriosinodalidad.org\\\/\",\"name\":\"Observatorio Latinoamericano de la Sinodalidad\",\"description\":\"\",\"publisher\":{\"@id\":\"https:\\\/\\\/observatoriosinodalidad.org\\\/#organization\"},\"potentialAction\":[{\"@type\":\"SearchAction\",\"target\":{\"@type\":\"EntryPoint\",\"urlTemplate\":\"https:\\\/\\\/observatoriosinodalidad.org\\\/?s={search_term_string}\"},\"query-input\":{\"@type\":\"PropertyValueSpecification\",\"valueRequired\":true,\"valueName\":\"search_term_string\"}}],\"inLanguage\":\"pt-BR\"},{\"@type\":\"Organization\",\"@id\":\"https:\\\/\\\/observatoriosinodalidad.org\\\/#organization\",\"name\":\"Observatorio Latinoamericano de la Sinodalidad\",\"url\":\"https:\\\/\\\/observatoriosinodalidad.org\\\/\",\"logo\":{\"@type\":\"ImageObject\",\"inLanguage\":\"pt-BR\",\"@id\":\"https:\\\/\\\/observatoriosinodalidad.org\\\/#\\\/schema\\\/logo\\\/image\\\/\",\"url\":\"https:\\\/\\\/observatoriosinodalidad.org\\\/wp-content\\\/uploads\\\/2024\\\/03\\\/logo.png\",\"contentUrl\":\"https:\\\/\\\/observatoriosinodalidad.org\\\/wp-content\\\/uploads\\\/2024\\\/03\\\/logo.png\",\"width\":250,\"height\":90,\"caption\":\"Observatorio Latinoamericano de la Sinodalidad\"},\"image\":{\"@id\":\"https:\\\/\\\/observatoriosinodalidad.org\\\/#\\\/schema\\\/logo\\\/image\\\/\"},\"sameAs\":[\"https:\\\/\\\/www.facebook.com\\\/profile.php?id=61557630161102\",\"https:\\\/\\\/x.com\\\/O_Sinodalidad\",\"https:\\\/\\\/www.youtube.com\\\/channel\\\/UC-45VOYfrCGFA-mycUuaX2A\",\"https:\\\/\\\/www.instagram.com\\\/observatoriosinodalidad\\\/\"]},{\"@type\":\"Person\",\"@id\":\"https:\\\/\\\/observatoriosinodalidad.org\\\/#\\\/schema\\\/person\\\/60d8e086b74b145499032bba348d39fc\",\"name\":\"Micaela D\u00edaz Miranda\",\"image\":{\"@type\":\"ImageObject\",\"inLanguage\":\"pt-BR\",\"@id\":\"https:\\\/\\\/secure.gravatar.com\\\/avatar\\\/7fc24ebb962109e25106b6470db92df2381897cd82de7ef8fafb87e554cd037a?s=96&d=mm&r=g\",\"url\":\"https:\\\/\\\/secure.gravatar.com\\\/avatar\\\/7fc24ebb962109e25106b6470db92df2381897cd82de7ef8fafb87e554cd037a?s=96&d=mm&r=g\",\"contentUrl\":\"https:\\\/\\\/secure.gravatar.com\\\/avatar\\\/7fc24ebb962109e25106b6470db92df2381897cd82de7ef8fafb87e554cd037a?s=96&d=mm&r=g\",\"caption\":\"Micaela D\u00edaz Miranda\"},\"url\":\"https:\\\/\\\/observatoriosinodalidad.org\\\/pt-br\\\/author\\\/micaela\\\/\"}]}<\/script>\n<!-- \/ Yoast SEO Premium plugin. -->","yoast_head_json":{"title":"Bispos brasileiros animam a n\u00e3o deixar cair a profecia e reivindicam uma Igreja sinodal ao lado dos pobres - Observatorio Latinoamericano de la Sinodalidad","description":"Os Bispos do Di\u00e1logo pelo Reino questionam os discursos de \u00f3dio que circulam nas redes e em alguns espa\u00e7os de inspira\u00e7\u00e3o cat\u00f3lica, e chamam a defender a democracia, a Casa Comum e as pessoas mais vulner\u00e1veis.","robots":{"index":"index","follow":"follow","max-snippet":"max-snippet:-1","max-image-preview":"max-image-preview:large","max-video-preview":"max-video-preview:-1"},"canonical":"https:\/\/observatoriosinodalidad.org\/pt-br\/bispos-brasileiros-animam-a-nao-deixar-cair-a-profecia-e-reivindicam-uma-igreja-sinodal-ao-lado-dos-pobres\/","og_locale":"pt_BR","og_type":"article","og_title":"Bispos brasileiros animam a n\u00e3o deixar cair a profecia e reivindicam uma Igreja sinodal ao lado dos pobres","og_description":"Os Bispos do Di\u00e1logo pelo Reino questionam os discursos de \u00f3dio que circulam nas redes e em alguns espa\u00e7os de inspira\u00e7\u00e3o cat\u00f3lica, e chamam a defender a democracia, a Casa Comum e as pessoas mais vulner\u00e1veis.","og_url":"https:\/\/observatoriosinodalidad.org\/pt-br\/bispos-brasileiros-animam-a-nao-deixar-cair-a-profecia-e-reivindicam-uma-igreja-sinodal-ao-lado-dos-pobres\/","og_site_name":"Observatorio Latinoamericano de la Sinodalidad","article_publisher":"https:\/\/www.facebook.com\/profile.php?id=61557630161102","article_published_time":"2026-08-28T15:38:03+00:00","article_modified_time":"2026-09-03T02:24:08+00:00","og_image":[{"width":860,"height":575,"url":"https:\/\/observatoriosinodalidad.org\/wp-content\/uploads\/2026\/08\/Cuaresma-40.png","type":"image\/png"}],"author":"Micaela D\u00edaz Miranda","twitter_card":"summary_large_image","twitter_creator":"@O_Sinodalidad","twitter_site":"@O_Sinodalidad","twitter_misc":{"Escrito por":"Micaela D\u00edaz Miranda","Est. tempo de leitura":"4 minutos"},"schema":{"@context":"https:\/\/schema.org","@graph":[{"@type":"Article","@id":"https:\/\/observatoriosinodalidad.org\/pt-br\/bispos-brasileiros-animam-a-nao-deixar-cair-a-profecia-e-reivindicam-uma-igreja-sinodal-ao-lado-dos-pobres\/#article","isPartOf":{"@id":"https:\/\/observatoriosinodalidad.org\/pt-br\/bispos-brasileiros-animam-a-nao-deixar-cair-a-profecia-e-reivindicam-uma-igreja-sinodal-ao-lado-dos-pobres\/"},"author":{"name":"Micaela D\u00edaz Miranda","@id":"https:\/\/observatoriosinodalidad.org\/#\/schema\/person\/60d8e086b74b145499032bba348d39fc"},"headline":"Bispos brasileiros animam a n\u00e3o deixar cair a profecia e reivindicam uma Igreja sinodal ao lado dos pobres","datePublished":"2026-08-28T15:38:03+00:00","dateModified":"2026-09-03T02:24:08+00:00","mainEntityOfPage":{"@id":"https:\/\/observatoriosinodalidad.org\/pt-br\/bispos-brasileiros-animam-a-nao-deixar-cair-a-profecia-e-reivindicam-uma-igreja-sinodal-ao-lado-dos-pobres\/"},"wordCount":936,"commentCount":0,"publisher":{"@id":"https:\/\/observatoriosinodalidad.org\/#organization"},"image":{"@id":"https:\/\/observatoriosinodalidad.org\/pt-br\/bispos-brasileiros-animam-a-nao-deixar-cair-a-profecia-e-reivindicam-uma-igreja-sinodal-ao-lado-dos-pobres\/#primaryimage"},"thumbnailUrl":"https:\/\/observatoriosinodalidad.org\/wp-content\/uploads\/2026\/08\/Cuaresma-40.png","keywords":["democracia"],"articleSection":["Not\u00edcias"],"inLanguage":"pt-BR","potentialAction":[{"@type":"CommentAction","name":"Comment","target":["https:\/\/observatoriosinodalidad.org\/pt-br\/bispos-brasileiros-animam-a-nao-deixar-cair-a-profecia-e-reivindicam-uma-igreja-sinodal-ao-lado-dos-pobres\/#respond"]}]},{"@type":"WebPage","@id":"https:\/\/observatoriosinodalidad.org\/pt-br\/bispos-brasileiros-animam-a-nao-deixar-cair-a-profecia-e-reivindicam-uma-igreja-sinodal-ao-lado-dos-pobres\/","url":"https:\/\/observatoriosinodalidad.org\/pt-br\/bispos-brasileiros-animam-a-nao-deixar-cair-a-profecia-e-reivindicam-uma-igreja-sinodal-ao-lado-dos-pobres\/","name":"Bispos brasileiros animam a n\u00e3o deixar cair a profecia e reivindicam uma Igreja sinodal ao lado dos pobres - Observatorio Latinoamericano de la Sinodalidad","isPartOf":{"@id":"https:\/\/observatoriosinodalidad.org\/#website"},"primaryImageOfPage":{"@id":"https:\/\/observatoriosinodalidad.org\/pt-br\/bispos-brasileiros-animam-a-nao-deixar-cair-a-profecia-e-reivindicam-uma-igreja-sinodal-ao-lado-dos-pobres\/#primaryimage"},"image":{"@id":"https:\/\/observatoriosinodalidad.org\/pt-br\/bispos-brasileiros-animam-a-nao-deixar-cair-a-profecia-e-reivindicam-uma-igreja-sinodal-ao-lado-dos-pobres\/#primaryimage"},"thumbnailUrl":"https:\/\/observatoriosinodalidad.org\/wp-content\/uploads\/2026\/08\/Cuaresma-40.png","datePublished":"2026-08-28T15:38:03+00:00","dateModified":"2026-09-03T02:24:08+00:00","description":"Os Bispos do Di\u00e1logo pelo Reino questionam os discursos de \u00f3dio que circulam nas redes e em alguns espa\u00e7os de inspira\u00e7\u00e3o cat\u00f3lica, e chamam a defender a democracia, a Casa Comum e as pessoas mais vulner\u00e1veis.","breadcrumb":{"@id":"https:\/\/observatoriosinodalidad.org\/pt-br\/bispos-brasileiros-animam-a-nao-deixar-cair-a-profecia-e-reivindicam-uma-igreja-sinodal-ao-lado-dos-pobres\/#breadcrumb"},"inLanguage":"pt-BR","potentialAction":[{"@type":"ReadAction","target":["https:\/\/observatoriosinodalidad.org\/pt-br\/bispos-brasileiros-animam-a-nao-deixar-cair-a-profecia-e-reivindicam-uma-igreja-sinodal-ao-lado-dos-pobres\/"]}]},{"@type":"ImageObject","inLanguage":"pt-BR","@id":"https:\/\/observatoriosinodalidad.org\/pt-br\/bispos-brasileiros-animam-a-nao-deixar-cair-a-profecia-e-reivindicam-uma-igreja-sinodal-ao-lado-dos-pobres\/#primaryimage","url":"https:\/\/observatoriosinodalidad.org\/wp-content\/uploads\/2026\/08\/Cuaresma-40.png","contentUrl":"https:\/\/observatoriosinodalidad.org\/wp-content\/uploads\/2026\/08\/Cuaresma-40.png","width":860,"height":575},{"@type":"BreadcrumbList","@id":"https:\/\/observatoriosinodalidad.org\/pt-br\/bispos-brasileiros-animam-a-nao-deixar-cair-a-profecia-e-reivindicam-uma-igreja-sinodal-ao-lado-dos-pobres\/#breadcrumb","itemListElement":[{"@type":"ListItem","position":1,"name":"Inicio","item":"https:\/\/observatoriosinodalidad.org\/pt-br\/"},{"@type":"ListItem","position":2,"name":"Bispos brasileiros animam a n\u00e3o deixar cair a profecia e reivindicam uma Igreja sinodal ao lado dos pobres"}]},{"@type":"WebSite","@id":"https:\/\/observatoriosinodalidad.org\/#website","url":"https:\/\/observatoriosinodalidad.org\/","name":"Observatorio Latinoamericano de la Sinodalidad","description":"","publisher":{"@id":"https:\/\/observatoriosinodalidad.org\/#organization"},"potentialAction":[{"@type":"SearchAction","target":{"@type":"EntryPoint","urlTemplate":"https:\/\/observatoriosinodalidad.org\/?s={search_term_string}"},"query-input":{"@type":"PropertyValueSpecification","valueRequired":true,"valueName":"search_term_string"}}],"inLanguage":"pt-BR"},{"@type":"Organization","@id":"https:\/\/observatoriosinodalidad.org\/#organization","name":"Observatorio Latinoamericano de la Sinodalidad","url":"https:\/\/observatoriosinodalidad.org\/","logo":{"@type":"ImageObject","inLanguage":"pt-BR","@id":"https:\/\/observatoriosinodalidad.org\/#\/schema\/logo\/image\/","url":"https:\/\/observatoriosinodalidad.org\/wp-content\/uploads\/2024\/03\/logo.png","contentUrl":"https:\/\/observatoriosinodalidad.org\/wp-content\/uploads\/2024\/03\/logo.png","width":250,"height":90,"caption":"Observatorio Latinoamericano de la Sinodalidad"},"image":{"@id":"https:\/\/observatoriosinodalidad.org\/#\/schema\/logo\/image\/"},"sameAs":["https:\/\/www.facebook.com\/profile.php?id=61557630161102","https:\/\/x.com\/O_Sinodalidad","https:\/\/www.youtube.com\/channel\/UC-45VOYfrCGFA-mycUuaX2A","https:\/\/www.instagram.com\/observatoriosinodalidad\/"]},{"@type":"Person","@id":"https:\/\/observatoriosinodalidad.org\/#\/schema\/person\/60d8e086b74b145499032bba348d39fc","name":"Micaela D\u00edaz Miranda","image":{"@type":"ImageObject","inLanguage":"pt-BR","@id":"https:\/\/secure.gravatar.com\/avatar\/7fc24ebb962109e25106b6470db92df2381897cd82de7ef8fafb87e554cd037a?s=96&d=mm&r=g","url":"https:\/\/secure.gravatar.com\/avatar\/7fc24ebb962109e25106b6470db92df2381897cd82de7ef8fafb87e554cd037a?s=96&d=mm&r=g","contentUrl":"https:\/\/secure.gravatar.com\/avatar\/7fc24ebb962109e25106b6470db92df2381897cd82de7ef8fafb87e554cd037a?s=96&d=mm&r=g","caption":"Micaela D\u00edaz Miranda"},"url":"https:\/\/observatoriosinodalidad.org\/pt-br\/author\/micaela\/"}]}},"_links":{"self":[{"href":"https:\/\/observatoriosinodalidad.org\/pt-br\/wp-json\/wp\/v2\/posts\/19700","targetHints":{"allow":["GET"]}}],"collection":[{"href":"https:\/\/observatoriosinodalidad.org\/pt-br\/wp-json\/wp\/v2\/posts"}],"about":[{"href":"https:\/\/observatoriosinodalidad.org\/pt-br\/wp-json\/wp\/v2\/types\/post"}],"author":[{"embeddable":true,"href":"https:\/\/observatoriosinodalidad.org\/pt-br\/wp-json\/wp\/v2\/users\/12"}],"replies":[{"embeddable":true,"href":"https:\/\/observatoriosinodalidad.org\/pt-br\/wp-json\/wp\/v2\/comments?post=19700"}],"version-history":[{"count":3,"href":"https:\/\/observatoriosinodalidad.org\/pt-br\/wp-json\/wp\/v2\/posts\/19700\/revisions"}],"predecessor-version":[{"id":19705,"href":"https:\/\/observatoriosinodalidad.org\/pt-br\/wp-json\/wp\/v2\/posts\/19700\/revisions\/19705"}],"wp:featuredmedia":[{"embeddable":true,"href":"https:\/\/observatoriosinodalidad.org\/pt-br\/wp-json\/wp\/v2\/media\/19692"}],"wp:attachment":[{"href":"https:\/\/observatoriosinodalidad.org\/pt-br\/wp-json\/wp\/v2\/media?parent=19700"}],"wp:term":[{"taxonomy":"category","embeddable":true,"href":"https:\/\/observatoriosinodalidad.org\/pt-br\/wp-json\/wp\/v2\/categories?post=19700"},{"taxonomy":"post_tag","embeddable":true,"href":"https:\/\/observatoriosinodalidad.org\/pt-br\/wp-json\/wp\/v2\/tags?post=19700"}],"curies":[{"name":"wp","href":"https:\/\/api.w.org\/{rel}","templated":true}]}}