{"id":19682,"date":"2026-08-25T07:11:08","date_gmt":"2026-08-25T12:11:08","guid":{"rendered":"https:\/\/observatoriosinodalidad.org\/?p=19682"},"modified":"2026-08-31T10:24:47","modified_gmt":"2026-08-31T15:24:47","slug":"conselhos-pastorais-chamados-a-se-converter-em-espacos-de-discernimento-sinodal","status":"publish","type":"post","link":"https:\/\/observatoriosinodalidad.org\/pt-br\/conselhos-pastorais-chamados-a-se-converter-em-espacos-de-discernimento-sinodal\/","title":{"rendered":"Conselhos pastorais, chamados a se converter em espa\u00e7os de discernimento sinodal"},"content":{"rendered":"<p>O sexto encontro virtual sobre a implementa\u00e7\u00e3o do S\u00ednodo dos Bispos centrou sua reflex\u00e3o na renova\u00e7\u00e3o dos conselhos e assembleias pastorais de dioceses e par\u00f3quias, tomando como refer\u00eancia os n\u00fameros 103 a 106 do Documento Final. A jornada teve como objetivo <strong>oferecer crit\u00e9rios para ampliar a participa\u00e7\u00e3o do Povo de Deus no discernimento, na miss\u00e3o e na tomada de decis\u00f5es.<\/strong><\/p>\n<p>Durante o encontro, <strong>Rafael Luciani<\/strong>, te\u00f3logo venezuelano e membro da XVI Assembleia Geral Ordin\u00e1ria do S\u00ednodo sobre a Sinodalidade, recordou que <strong>a participa\u00e7\u00e3o comunit\u00e1ria tem ra\u00edzes nas primeiras comunidades crist\u00e3s. A partir do Conc\u00edlio de Jerusal\u00e9m, destacou um modelo baseado na escuta, no di\u00e1logo e no discernimento conjunto, resumido na express\u00e3o: \u201cdecidimos, o Esp\u00edrito Santo e n\u00f3s\u201d.<\/strong><\/p>\n<p>Luciani assinalou que <strong>as assembleias pastorais devem permitir \u00e0s comunidades ler sua realidade e discernir prioridades<\/strong>, enquanto <strong>os conselhos pastorais s\u00e3o chamados a ser organismos est\u00e1veis e representativos<\/strong>. Sua composi\u00e7\u00e3o, indicou, deve recolher especialmente as vozes de mulheres, jovens, pessoas pobres e exclu\u00eddas, pessoas com defici\u00eancia, leigos e fam\u00edlias.<\/p>\n<h3><strong>Experi\u00eancias para compartilhar<\/strong><\/h3>\n<p>O encontro tamb\u00e9m apresentou experi\u00eancias da Argentina, It\u00e1lia e Venezuela. O padre <strong>Pedro Brassesco<\/strong>, a partir de uma par\u00f3quia recentemente criada na diocese de Gualeguaych\u00fa, explicou como <strong>a constitui\u00e7\u00e3o dos conselhos pastoral e econ\u00f4mico buscou integrar diferentes realidades comunit\u00e1rias. Uma posterior assembleia paroquial, preparada a partir da espiritualidade, permitiu estabelecer cinco orienta\u00e7\u00f5es pastorais relacionadas com a fam\u00edlia, os jovens, a escuta e a proximidade.<\/strong><\/p>\n<p>Da It\u00e1lia, <strong>Serena Noceti<\/strong>\u00a0compartilhou <strong>o caminho sinodal desenvolvido entre 2021 e 2025, que envolveu as 225 dioceses e cerca de 25.000 par\u00f3quias do pa\u00eds.<\/strong>\u00a0A experi\u00eancia mostrou tamb\u00e9m dificuldades nos conselhos pastorais, entre elas a dist\u00e2ncia entre os objetivos e a pr\u00e1tica, problemas de comunica\u00e7\u00e3o e limita\u00e7\u00f5es em sua composi\u00e7\u00e3o.<\/p>\n<p>Por sua vez, <strong>Anarelys Ugas<\/strong>, da diocese venezuelana de La Guaira, insistiu que <strong>esses organismos devem ser espa\u00e7os reais de comunh\u00e3o, participa\u00e7\u00e3o e miss\u00e3o, e n\u00e3o estruturas meramente nominais. <\/strong>Tamb\u00e9m pediu incorporar aqueles que est\u00e3o afastados da Igreja e garantir a presen\u00e7a de mulheres, jovens e pessoas vulner\u00e1veis.<\/p>\n<p><iframe loading=\"lazy\" title=\"6to Encuentro virtual: \u00bfc\u00f3mo ser\u00edan las estructuras en una Iglesia sinodal?\" width=\"500\" height=\"281\" src=\"https:\/\/www.youtube.com\/embed\/MTa7I3xLkUo?feature=oembed\" frameborder=\"0\" allow=\"accelerometer; autoplay; clipboard-write; encrypted-media; gyroscope; picture-in-picture; web-share\" referrerpolicy=\"strict-origin-when-cross-origin\" allowfullscreen><\/iframe><\/p>\n<p class=\"p2\"><span class=\"s2\"><b>Voc\u00ea pode estar interessado em:\u00a0<a href=\"https:\/\/observatoriosinodalidad.org\/pt-br\/cardeal-pedro-barreto-a-sinodalidade-e-escutar-sobretudo-o-espirito-santo\/\" target=\"_blank\" rel=\"noopener\">Cardeal Pedro Barreto: \u201cA sinodalidade \u00e9 escutar sobretudo o Esp\u00edrito Santo\u201d<\/a><\/b><\/span><\/p>\n<p class=\"p2\"><b><\/b><strong>Carte recomandat\u0103:\u00a0<a href=\"https:\/\/observatoriosinodalidad.org\/pt-br\/project\/iv-congresso-continental-de-teologia-latino-americana-e-caribenha\/\" target=\"_blank\" rel=\"noopener\">IV Congresso Continental de Teologia Latino-Americana e Caribenha Horizontes de liberta\u00e7\u00e3o: tecendo esperan\u00e7as a partir de baixo<\/a><\/strong><\/p>\n<p class=\"p2\"><b><\/b><span class=\"s2\"><b>Inscreva-se em nosso canal Whatsapp:\u00a0<\/b><a href=\"https:\/\/whatsapp.com\/channel\/0029VazM21X6WaKvBlZ91E47\" target=\"_blank\" rel=\"noopener\"><span class=\"s3\"><b>https:\/\/whatsapp.com\/channel\/0029VazM21X6WaKvBlZ91E47<\/b><b><\/b><\/span><\/a><\/span><\/p>\n<p class=\"p4\"><b>Baixe o \u00faltimo caderno de estudo 011:\u00a0<\/b><a href=\"https:\/\/observatoriosinodalidad.org\/pt-br\/project\/rumo-a-uma-vida-religiosa-sinodal\/\" target=\"_blank\" rel=\"noopener\"><span class=\"s3\"><b>Caderno de estudo 011<\/b><\/span><\/a><\/p>\n","protected":false},"excerpt":{"rendered":"<p>O sexto encontro virtual sobre a implementa\u00e7\u00e3o do S\u00ednodo dos Bispos centrou sua reflex\u00e3o na renova\u00e7\u00e3o dos conselhos e assembleias pastorais de dioceses e par\u00f3quias, tomando como refer\u00eancia os n\u00fameros&#8230;<\/p>\n","protected":false},"author":12,"featured_media":19646,"comment_status":"open","ping_status":"closed","sticky":false,"template":"","format":"standard","meta":{"footnotes":""},"categories":[43],"tags":[107,262,76],"class_list":["post-19682","post","type-post","status-publish","format-standard","has-post-thumbnail","hentry","category-noticias-pt-br","tag-celam-pt-br","tag-fase-de-implementacao","tag-sinodalidade"],"yoast_head":"<!-- This site is optimized with the Yoast SEO Premium plugin v28.2 (Yoast SEO v28.4) - https:\/\/yoast.com\/product\/yoast-seo-premium-wordpress\/ -->\n<title>Conselhos pastorais, chamados a se converter em espa\u00e7os de discernimento sinodal - Observatorio Latinoamericano de la Sinodalidad<\/title>\n<meta name=\"description\" content=\"O sexto encontro virtual sobre a implementa\u00e7\u00e3o do S\u00ednodo dos Bispos centrou sua reflex\u00e3o na renova\u00e7\u00e3o dos conselhos e assembleias pastorais de dioceses e par\u00f3quias, tomando como refer\u00eancia os n\u00fameros 103 a 106 do Documento Final.\" \/>\n<meta name=\"robots\" content=\"index, follow, max-snippet:-1, max-image-preview:large, max-video-preview:-1\" \/>\n<link rel=\"canonical\" href=\"https:\/\/observatoriosinodalidad.org\/pt-br\/conselhos-pastorais-chamados-a-se-converter-em-espacos-de-discernimento-sinodal\/\" \/>\n<meta property=\"og:locale\" content=\"pt_BR\" \/>\n<meta property=\"og:type\" content=\"article\" \/>\n<meta property=\"og:title\" content=\"Conselhos pastorais, chamados a se converter em espa\u00e7os de discernimento sinodal\" \/>\n<meta property=\"og:description\" content=\"O sexto encontro virtual sobre a implementa\u00e7\u00e3o do S\u00ednodo dos Bispos centrou sua reflex\u00e3o na renova\u00e7\u00e3o dos conselhos e assembleias pastorais de dioceses e par\u00f3quias, tomando como refer\u00eancia os n\u00fameros 103 a 106 do Documento Final.\" \/>\n<meta property=\"og:url\" content=\"https:\/\/observatoriosinodalidad.org\/pt-br\/conselhos-pastorais-chamados-a-se-converter-em-espacos-de-discernimento-sinodal\/\" \/>\n<meta property=\"og:site_name\" content=\"Observatorio Latinoamericano de la Sinodalidad\" \/>\n<meta property=\"article:publisher\" content=\"https:\/\/www.facebook.com\/profile.php?id=61557630161102\" \/>\n<meta property=\"article:published_time\" content=\"2026-08-25T12:11:08+00:00\" \/>\n<meta property=\"article:modified_time\" content=\"2026-08-31T15:24:47+00:00\" \/>\n<meta property=\"og:image\" content=\"https:\/\/observatoriosinodalidad.org\/wp-content\/uploads\/2026\/08\/Cuaresma-37.png\" \/>\n\t<meta property=\"og:image:width\" content=\"860\" \/>\n\t<meta property=\"og:image:height\" content=\"575\" \/>\n\t<meta property=\"og:image:type\" content=\"image\/png\" \/>\n<meta name=\"author\" content=\"Micaela D\u00edaz Miranda\" \/>\n<meta name=\"twitter:card\" content=\"summary_large_image\" \/>\n<meta name=\"twitter:creator\" content=\"@O_Sinodalidad\" \/>\n<meta name=\"twitter:site\" content=\"@O_Sinodalidad\" \/>\n<meta name=\"twitter:label1\" content=\"Escrito por\" \/>\n\t<meta name=\"twitter:data1\" content=\"Micaela D\u00edaz Miranda\" \/>\n\t<meta name=\"twitter:label2\" content=\"Est. tempo de leitura\" \/>\n\t<meta name=\"twitter:data2\" content=\"2 minutos\" \/>\n<script type=\"application\/ld+json\" class=\"yoast-schema-graph\">{\"@context\":\"https:\\\/\\\/schema.org\",\"@graph\":[{\"@type\":\"Article\",\"@id\":\"https:\\\/\\\/observatoriosinodalidad.org\\\/pt-br\\\/conselhos-pastorais-chamados-a-se-converter-em-espacos-de-discernimento-sinodal\\\/#article\",\"isPartOf\":{\"@id\":\"https:\\\/\\\/observatoriosinodalidad.org\\\/pt-br\\\/conselhos-pastorais-chamados-a-se-converter-em-espacos-de-discernimento-sinodal\\\/\"},\"author\":{\"name\":\"Micaela D\u00edaz Miranda\",\"@id\":\"https:\\\/\\\/observatoriosinodalidad.org\\\/#\\\/schema\\\/person\\\/60d8e086b74b145499032bba348d39fc\"},\"headline\":\"Conselhos pastorais, chamados a se converter em espa\u00e7os de discernimento sinodal\",\"datePublished\":\"2026-08-25T12:11:08+00:00\",\"dateModified\":\"2026-08-31T15:24:47+00:00\",\"mainEntityOfPage\":{\"@id\":\"https:\\\/\\\/observatoriosinodalidad.org\\\/pt-br\\\/conselhos-pastorais-chamados-a-se-converter-em-espacos-de-discernimento-sinodal\\\/\"},\"wordCount\":462,\"commentCount\":0,\"publisher\":{\"@id\":\"https:\\\/\\\/observatoriosinodalidad.org\\\/#organization\"},\"image\":{\"@id\":\"https:\\\/\\\/observatoriosinodalidad.org\\\/pt-br\\\/conselhos-pastorais-chamados-a-se-converter-em-espacos-de-discernimento-sinodal\\\/#primaryimage\"},\"thumbnailUrl\":\"https:\\\/\\\/observatoriosinodalidad.org\\\/wp-content\\\/uploads\\\/2026\\\/08\\\/Cuaresma-37.png\",\"keywords\":[\"Celam\",\"fase de implementa\u00e7\u00e3o\",\"sinodalidade\"],\"articleSection\":[\"Not\u00edcias\"],\"inLanguage\":\"pt-BR\",\"potentialAction\":[{\"@type\":\"CommentAction\",\"name\":\"Comment\",\"target\":[\"https:\\\/\\\/observatoriosinodalidad.org\\\/pt-br\\\/conselhos-pastorais-chamados-a-se-converter-em-espacos-de-discernimento-sinodal\\\/#respond\"]}]},{\"@type\":\"WebPage\",\"@id\":\"https:\\\/\\\/observatoriosinodalidad.org\\\/pt-br\\\/conselhos-pastorais-chamados-a-se-converter-em-espacos-de-discernimento-sinodal\\\/\",\"url\":\"https:\\\/\\\/observatoriosinodalidad.org\\\/pt-br\\\/conselhos-pastorais-chamados-a-se-converter-em-espacos-de-discernimento-sinodal\\\/\",\"name\":\"Conselhos pastorais, chamados a se converter em espa\u00e7os de discernimento sinodal - Observatorio Latinoamericano de la Sinodalidad\",\"isPartOf\":{\"@id\":\"https:\\\/\\\/observatoriosinodalidad.org\\\/#website\"},\"primaryImageOfPage\":{\"@id\":\"https:\\\/\\\/observatoriosinodalidad.org\\\/pt-br\\\/conselhos-pastorais-chamados-a-se-converter-em-espacos-de-discernimento-sinodal\\\/#primaryimage\"},\"image\":{\"@id\":\"https:\\\/\\\/observatoriosinodalidad.org\\\/pt-br\\\/conselhos-pastorais-chamados-a-se-converter-em-espacos-de-discernimento-sinodal\\\/#primaryimage\"},\"thumbnailUrl\":\"https:\\\/\\\/observatoriosinodalidad.org\\\/wp-content\\\/uploads\\\/2026\\\/08\\\/Cuaresma-37.png\",\"datePublished\":\"2026-08-25T12:11:08+00:00\",\"dateModified\":\"2026-08-31T15:24:47+00:00\",\"description\":\"O sexto encontro virtual sobre a implementa\u00e7\u00e3o do S\u00ednodo dos Bispos centrou sua reflex\u00e3o na renova\u00e7\u00e3o dos conselhos e assembleias pastorais de dioceses e par\u00f3quias, tomando como refer\u00eancia os n\u00fameros 103 a 106 do Documento Final.\",\"breadcrumb\":{\"@id\":\"https:\\\/\\\/observatoriosinodalidad.org\\\/pt-br\\\/conselhos-pastorais-chamados-a-se-converter-em-espacos-de-discernimento-sinodal\\\/#breadcrumb\"},\"inLanguage\":\"pt-BR\",\"potentialAction\":[{\"@type\":\"ReadAction\",\"target\":[\"https:\\\/\\\/observatoriosinodalidad.org\\\/pt-br\\\/conselhos-pastorais-chamados-a-se-converter-em-espacos-de-discernimento-sinodal\\\/\"]}]},{\"@type\":\"ImageObject\",\"inLanguage\":\"pt-BR\",\"@id\":\"https:\\\/\\\/observatoriosinodalidad.org\\\/pt-br\\\/conselhos-pastorais-chamados-a-se-converter-em-espacos-de-discernimento-sinodal\\\/#primaryimage\",\"url\":\"https:\\\/\\\/observatoriosinodalidad.org\\\/wp-content\\\/uploads\\\/2026\\\/08\\\/Cuaresma-37.png\",\"contentUrl\":\"https:\\\/\\\/observatoriosinodalidad.org\\\/wp-content\\\/uploads\\\/2026\\\/08\\\/Cuaresma-37.png\",\"width\":860,\"height\":575},{\"@type\":\"BreadcrumbList\",\"@id\":\"https:\\\/\\\/observatoriosinodalidad.org\\\/pt-br\\\/conselhos-pastorais-chamados-a-se-converter-em-espacos-de-discernimento-sinodal\\\/#breadcrumb\",\"itemListElement\":[{\"@type\":\"ListItem\",\"position\":1,\"name\":\"Inicio\",\"item\":\"https:\\\/\\\/observatoriosinodalidad.org\\\/pt-br\\\/\"},{\"@type\":\"ListItem\",\"position\":2,\"name\":\"Conselhos pastorais, chamados a se converter em espa\u00e7os de discernimento sinodal\"}]},{\"@type\":\"WebSite\",\"@id\":\"https:\\\/\\\/observatoriosinodalidad.org\\\/#website\",\"url\":\"https:\\\/\\\/observatoriosinodalidad.org\\\/\",\"name\":\"Observatorio Latinoamericano de la Sinodalidad\",\"description\":\"\",\"publisher\":{\"@id\":\"https:\\\/\\\/observatoriosinodalidad.org\\\/#organization\"},\"potentialAction\":[{\"@type\":\"SearchAction\",\"target\":{\"@type\":\"EntryPoint\",\"urlTemplate\":\"https:\\\/\\\/observatoriosinodalidad.org\\\/?s={search_term_string}\"},\"query-input\":{\"@type\":\"PropertyValueSpecification\",\"valueRequired\":true,\"valueName\":\"search_term_string\"}}],\"inLanguage\":\"pt-BR\"},{\"@type\":\"Organization\",\"@id\":\"https:\\\/\\\/observatoriosinodalidad.org\\\/#organization\",\"name\":\"Observatorio Latinoamericano de la Sinodalidad\",\"url\":\"https:\\\/\\\/observatoriosinodalidad.org\\\/\",\"logo\":{\"@type\":\"ImageObject\",\"inLanguage\":\"pt-BR\",\"@id\":\"https:\\\/\\\/observatoriosinodalidad.org\\\/#\\\/schema\\\/logo\\\/image\\\/\",\"url\":\"https:\\\/\\\/observatoriosinodalidad.org\\\/wp-content\\\/uploads\\\/2024\\\/03\\\/logo.png\",\"contentUrl\":\"https:\\\/\\\/observatoriosinodalidad.org\\\/wp-content\\\/uploads\\\/2024\\\/03\\\/logo.png\",\"width\":250,\"height\":90,\"caption\":\"Observatorio Latinoamericano de la Sinodalidad\"},\"image\":{\"@id\":\"https:\\\/\\\/observatoriosinodalidad.org\\\/#\\\/schema\\\/logo\\\/image\\\/\"},\"sameAs\":[\"https:\\\/\\\/www.facebook.com\\\/profile.php?id=61557630161102\",\"https:\\\/\\\/x.com\\\/O_Sinodalidad\",\"https:\\\/\\\/www.youtube.com\\\/channel\\\/UC-45VOYfrCGFA-mycUuaX2A\",\"https:\\\/\\\/www.instagram.com\\\/observatoriosinodalidad\\\/\"]},{\"@type\":\"Person\",\"@id\":\"https:\\\/\\\/observatoriosinodalidad.org\\\/#\\\/schema\\\/person\\\/60d8e086b74b145499032bba348d39fc\",\"name\":\"Micaela D\u00edaz Miranda\",\"image\":{\"@type\":\"ImageObject\",\"inLanguage\":\"pt-BR\",\"@id\":\"https:\\\/\\\/secure.gravatar.com\\\/avatar\\\/7fc24ebb962109e25106b6470db92df2381897cd82de7ef8fafb87e554cd037a?s=96&d=mm&r=g\",\"url\":\"https:\\\/\\\/secure.gravatar.com\\\/avatar\\\/7fc24ebb962109e25106b6470db92df2381897cd82de7ef8fafb87e554cd037a?s=96&d=mm&r=g\",\"contentUrl\":\"https:\\\/\\\/secure.gravatar.com\\\/avatar\\\/7fc24ebb962109e25106b6470db92df2381897cd82de7ef8fafb87e554cd037a?s=96&d=mm&r=g\",\"caption\":\"Micaela D\u00edaz Miranda\"},\"url\":\"https:\\\/\\\/observatoriosinodalidad.org\\\/pt-br\\\/author\\\/micaela\\\/\"}]}<\/script>\n<!-- \/ Yoast SEO Premium plugin. -->","yoast_head_json":{"title":"Conselhos pastorais, chamados a se converter em espa\u00e7os de discernimento sinodal - Observatorio Latinoamericano de la Sinodalidad","description":"O sexto encontro virtual sobre a implementa\u00e7\u00e3o do S\u00ednodo dos Bispos centrou sua reflex\u00e3o na renova\u00e7\u00e3o dos conselhos e assembleias pastorais de dioceses e par\u00f3quias, tomando como refer\u00eancia os n\u00fameros 103 a 106 do Documento Final.","robots":{"index":"index","follow":"follow","max-snippet":"max-snippet:-1","max-image-preview":"max-image-preview:large","max-video-preview":"max-video-preview:-1"},"canonical":"https:\/\/observatoriosinodalidad.org\/pt-br\/conselhos-pastorais-chamados-a-se-converter-em-espacos-de-discernimento-sinodal\/","og_locale":"pt_BR","og_type":"article","og_title":"Conselhos pastorais, chamados a se converter em espa\u00e7os de discernimento sinodal","og_description":"O sexto encontro virtual sobre a implementa\u00e7\u00e3o do S\u00ednodo dos Bispos centrou sua reflex\u00e3o na renova\u00e7\u00e3o dos conselhos e assembleias pastorais de dioceses e par\u00f3quias, tomando como refer\u00eancia os n\u00fameros 103 a 106 do Documento Final.","og_url":"https:\/\/observatoriosinodalidad.org\/pt-br\/conselhos-pastorais-chamados-a-se-converter-em-espacos-de-discernimento-sinodal\/","og_site_name":"Observatorio Latinoamericano de la Sinodalidad","article_publisher":"https:\/\/www.facebook.com\/profile.php?id=61557630161102","article_published_time":"2026-08-25T12:11:08+00:00","article_modified_time":"2026-08-31T15:24:47+00:00","og_image":[{"width":860,"height":575,"url":"https:\/\/observatoriosinodalidad.org\/wp-content\/uploads\/2026\/08\/Cuaresma-37.png","type":"image\/png"}],"author":"Micaela D\u00edaz Miranda","twitter_card":"summary_large_image","twitter_creator":"@O_Sinodalidad","twitter_site":"@O_Sinodalidad","twitter_misc":{"Escrito por":"Micaela D\u00edaz Miranda","Est. tempo de leitura":"2 minutos"},"schema":{"@context":"https:\/\/schema.org","@graph":[{"@type":"Article","@id":"https:\/\/observatoriosinodalidad.org\/pt-br\/conselhos-pastorais-chamados-a-se-converter-em-espacos-de-discernimento-sinodal\/#article","isPartOf":{"@id":"https:\/\/observatoriosinodalidad.org\/pt-br\/conselhos-pastorais-chamados-a-se-converter-em-espacos-de-discernimento-sinodal\/"},"author":{"name":"Micaela D\u00edaz Miranda","@id":"https:\/\/observatoriosinodalidad.org\/#\/schema\/person\/60d8e086b74b145499032bba348d39fc"},"headline":"Conselhos pastorais, chamados a se converter em espa\u00e7os de discernimento sinodal","datePublished":"2026-08-25T12:11:08+00:00","dateModified":"2026-08-31T15:24:47+00:00","mainEntityOfPage":{"@id":"https:\/\/observatoriosinodalidad.org\/pt-br\/conselhos-pastorais-chamados-a-se-converter-em-espacos-de-discernimento-sinodal\/"},"wordCount":462,"commentCount":0,"publisher":{"@id":"https:\/\/observatoriosinodalidad.org\/#organization"},"image":{"@id":"https:\/\/observatoriosinodalidad.org\/pt-br\/conselhos-pastorais-chamados-a-se-converter-em-espacos-de-discernimento-sinodal\/#primaryimage"},"thumbnailUrl":"https:\/\/observatoriosinodalidad.org\/wp-content\/uploads\/2026\/08\/Cuaresma-37.png","keywords":["Celam","fase de implementa\u00e7\u00e3o","sinodalidade"],"articleSection":["Not\u00edcias"],"inLanguage":"pt-BR","potentialAction":[{"@type":"CommentAction","name":"Comment","target":["https:\/\/observatoriosinodalidad.org\/pt-br\/conselhos-pastorais-chamados-a-se-converter-em-espacos-de-discernimento-sinodal\/#respond"]}]},{"@type":"WebPage","@id":"https:\/\/observatoriosinodalidad.org\/pt-br\/conselhos-pastorais-chamados-a-se-converter-em-espacos-de-discernimento-sinodal\/","url":"https:\/\/observatoriosinodalidad.org\/pt-br\/conselhos-pastorais-chamados-a-se-converter-em-espacos-de-discernimento-sinodal\/","name":"Conselhos pastorais, chamados a se converter em espa\u00e7os de discernimento sinodal - Observatorio Latinoamericano de la Sinodalidad","isPartOf":{"@id":"https:\/\/observatoriosinodalidad.org\/#website"},"primaryImageOfPage":{"@id":"https:\/\/observatoriosinodalidad.org\/pt-br\/conselhos-pastorais-chamados-a-se-converter-em-espacos-de-discernimento-sinodal\/#primaryimage"},"image":{"@id":"https:\/\/observatoriosinodalidad.org\/pt-br\/conselhos-pastorais-chamados-a-se-converter-em-espacos-de-discernimento-sinodal\/#primaryimage"},"thumbnailUrl":"https:\/\/observatoriosinodalidad.org\/wp-content\/uploads\/2026\/08\/Cuaresma-37.png","datePublished":"2026-08-25T12:11:08+00:00","dateModified":"2026-08-31T15:24:47+00:00","description":"O sexto encontro virtual sobre a implementa\u00e7\u00e3o do S\u00ednodo dos Bispos centrou sua reflex\u00e3o na renova\u00e7\u00e3o dos conselhos e assembleias pastorais de dioceses e par\u00f3quias, tomando como refer\u00eancia os n\u00fameros 103 a 106 do Documento Final.","breadcrumb":{"@id":"https:\/\/observatoriosinodalidad.org\/pt-br\/conselhos-pastorais-chamados-a-se-converter-em-espacos-de-discernimento-sinodal\/#breadcrumb"},"inLanguage":"pt-BR","potentialAction":[{"@type":"ReadAction","target":["https:\/\/observatoriosinodalidad.org\/pt-br\/conselhos-pastorais-chamados-a-se-converter-em-espacos-de-discernimento-sinodal\/"]}]},{"@type":"ImageObject","inLanguage":"pt-BR","@id":"https:\/\/observatoriosinodalidad.org\/pt-br\/conselhos-pastorais-chamados-a-se-converter-em-espacos-de-discernimento-sinodal\/#primaryimage","url":"https:\/\/observatoriosinodalidad.org\/wp-content\/uploads\/2026\/08\/Cuaresma-37.png","contentUrl":"https:\/\/observatoriosinodalidad.org\/wp-content\/uploads\/2026\/08\/Cuaresma-37.png","width":860,"height":575},{"@type":"BreadcrumbList","@id":"https:\/\/observatoriosinodalidad.org\/pt-br\/conselhos-pastorais-chamados-a-se-converter-em-espacos-de-discernimento-sinodal\/#breadcrumb","itemListElement":[{"@type":"ListItem","position":1,"name":"Inicio","item":"https:\/\/observatoriosinodalidad.org\/pt-br\/"},{"@type":"ListItem","position":2,"name":"Conselhos pastorais, chamados a se converter em espa\u00e7os de discernimento sinodal"}]},{"@type":"WebSite","@id":"https:\/\/observatoriosinodalidad.org\/#website","url":"https:\/\/observatoriosinodalidad.org\/","name":"Observatorio Latinoamericano de la Sinodalidad","description":"","publisher":{"@id":"https:\/\/observatoriosinodalidad.org\/#organization"},"potentialAction":[{"@type":"SearchAction","target":{"@type":"EntryPoint","urlTemplate":"https:\/\/observatoriosinodalidad.org\/?s={search_term_string}"},"query-input":{"@type":"PropertyValueSpecification","valueRequired":true,"valueName":"search_term_string"}}],"inLanguage":"pt-BR"},{"@type":"Organization","@id":"https:\/\/observatoriosinodalidad.org\/#organization","name":"Observatorio Latinoamericano de la Sinodalidad","url":"https:\/\/observatoriosinodalidad.org\/","logo":{"@type":"ImageObject","inLanguage":"pt-BR","@id":"https:\/\/observatoriosinodalidad.org\/#\/schema\/logo\/image\/","url":"https:\/\/observatoriosinodalidad.org\/wp-content\/uploads\/2024\/03\/logo.png","contentUrl":"https:\/\/observatoriosinodalidad.org\/wp-content\/uploads\/2024\/03\/logo.png","width":250,"height":90,"caption":"Observatorio Latinoamericano de la Sinodalidad"},"image":{"@id":"https:\/\/observatoriosinodalidad.org\/#\/schema\/logo\/image\/"},"sameAs":["https:\/\/www.facebook.com\/profile.php?id=61557630161102","https:\/\/x.com\/O_Sinodalidad","https:\/\/www.youtube.com\/channel\/UC-45VOYfrCGFA-mycUuaX2A","https:\/\/www.instagram.com\/observatoriosinodalidad\/"]},{"@type":"Person","@id":"https:\/\/observatoriosinodalidad.org\/#\/schema\/person\/60d8e086b74b145499032bba348d39fc","name":"Micaela D\u00edaz Miranda","image":{"@type":"ImageObject","inLanguage":"pt-BR","@id":"https:\/\/secure.gravatar.com\/avatar\/7fc24ebb962109e25106b6470db92df2381897cd82de7ef8fafb87e554cd037a?s=96&d=mm&r=g","url":"https:\/\/secure.gravatar.com\/avatar\/7fc24ebb962109e25106b6470db92df2381897cd82de7ef8fafb87e554cd037a?s=96&d=mm&r=g","contentUrl":"https:\/\/secure.gravatar.com\/avatar\/7fc24ebb962109e25106b6470db92df2381897cd82de7ef8fafb87e554cd037a?s=96&d=mm&r=g","caption":"Micaela D\u00edaz Miranda"},"url":"https:\/\/observatoriosinodalidad.org\/pt-br\/author\/micaela\/"}]}},"_links":{"self":[{"href":"https:\/\/observatoriosinodalidad.org\/pt-br\/wp-json\/wp\/v2\/posts\/19682","targetHints":{"allow":["GET"]}}],"collection":[{"href":"https:\/\/observatoriosinodalidad.org\/pt-br\/wp-json\/wp\/v2\/posts"}],"about":[{"href":"https:\/\/observatoriosinodalidad.org\/pt-br\/wp-json\/wp\/v2\/types\/post"}],"author":[{"embeddable":true,"href":"https:\/\/observatoriosinodalidad.org\/pt-br\/wp-json\/wp\/v2\/users\/12"}],"replies":[{"embeddable":true,"href":"https:\/\/observatoriosinodalidad.org\/pt-br\/wp-json\/wp\/v2\/comments?post=19682"}],"version-history":[{"count":1,"href":"https:\/\/observatoriosinodalidad.org\/pt-br\/wp-json\/wp\/v2\/posts\/19682\/revisions"}],"predecessor-version":[{"id":19683,"href":"https:\/\/observatoriosinodalidad.org\/pt-br\/wp-json\/wp\/v2\/posts\/19682\/revisions\/19683"}],"wp:featuredmedia":[{"embeddable":true,"href":"https:\/\/observatoriosinodalidad.org\/pt-br\/wp-json\/wp\/v2\/media\/19646"}],"wp:attachment":[{"href":"https:\/\/observatoriosinodalidad.org\/pt-br\/wp-json\/wp\/v2\/media?parent=19682"}],"wp:term":[{"taxonomy":"category","embeddable":true,"href":"https:\/\/observatoriosinodalidad.org\/pt-br\/wp-json\/wp\/v2\/categories?post=19682"},{"taxonomy":"post_tag","embeddable":true,"href":"https:\/\/observatoriosinodalidad.org\/pt-br\/wp-json\/wp\/v2\/tags?post=19682"}],"curies":[{"name":"wp","href":"https:\/\/api.w.org\/{rel}","templated":true}]}}