{"id":19677,"date":"2026-08-23T18:44:21","date_gmt":"2026-08-23T23:44:21","guid":{"rendered":"https:\/\/observatoriosinodalidad.org\/?p=19677"},"modified":"2026-08-31T10:12:35","modified_gmt":"2026-08-31T15:12:35","slug":"cardeal-pedro-barreto-a-sinodalidade-e-escutar-sobretudo-o-espirito-santo","status":"publish","type":"post","link":"https:\/\/observatoriosinodalidad.org\/pt-br\/cardeal-pedro-barreto-a-sinodalidade-e-escutar-sobretudo-o-espirito-santo\/","title":{"rendered":"Cardeal Pedro Barreto: \u201cA sinodalidade \u00e9 escutar sobretudo o Esp\u00edrito Santo\u201d"},"content":{"rendered":"<p>O cardeal Pedro Barreto reconhece que a sinodalidade transformou sua maneira de compreender e viver a Igreja. Depois de d\u00e9cadas de servi\u00e7o sacerdotal e episcopal e de uma intensa experi\u00eancia pastoral na Amaz\u00f4nia, manifesta que hoje contempla esse processo como uma a\u00e7\u00e3o do Esp\u00edrito Santo que est\u00e1 gerando algo novo tanto dentro da Igreja como na sociedade.<\/p>\n<p>Sua aproxima\u00e7\u00e3o \u00e0 sinodalidade se fortaleceu especialmente durante o processo promovido pelo Papa Francisco. O Card. Barreto, que at\u00e9 mar\u00e7o de 2026 esteve \u00e0 frente da Confer\u00eancia Eclesial da Amaz\u00f4nia, considera que a experi\u00eancia amaz\u00f4nica foi precisamente um dos frutos dessa maneira de ser Igreja.<\/p>\n<p><strong>\u201cIsso me entusiasmou. Cheguei at\u00e9 a dizer que o S\u00ednodo Amaz\u00f4nico e a Confer\u00eancia Eclesial da Amaz\u00f4nia s\u00e3o fruto da sinodalidade na regi\u00e3o amaz\u00f4nica\u201d<\/strong>, recorda. Mas sua reflex\u00e3o vai al\u00e9m dessa experi\u00eancia. O que lhe pareceu especialmente significativo foi o convite a toda a Igreja para p\u00f4r-se a caminho. <strong>\u201cEncantou-me essa proposta que p\u00f4s a Igreja a caminho, em caminho sinodal, nessa experi\u00eancia de uma peregrina\u00e7\u00e3o do povo de Deus como Igreja cat\u00f3lica a servi\u00e7o do mundo\u201d<\/strong>, explica. Para ele, essa perspectiva se conecta com a vis\u00e3o do Conc\u00edlio Vaticano II e com uma Igreja chamada a viver em sa\u00edda mission\u00e1ria.<\/p>\n<h3><strong>Igreja que est\u00e1 despertando<\/strong><\/h3>\n<p>O Card. Barreto reconhece que essa compreens\u00e3o da Igreja tamb\u00e9m significou um processo pessoal. Em sua atual etapa de vida, que define como um momento de aposentadoria no exerc\u00edcio do episcopado, continua entendendo seu minist\u00e9rio como um servi\u00e7o ao povo de Deus. <strong>\u201cEu continuo servindo \u00e0 Igreja a partir deste caminhar juntos\u201d<\/strong>, compartilha. E, para explicar o que significa essa descoberta, utiliza uma express\u00e3o de Santo Agostinho: \u201cTarde te amei, \u00f3 beleza t\u00e3o antiga e t\u00e3o nova. Tarde te amei\u201d.<\/p>\n<p>A seu ver, a experi\u00eancia sinodal que a Igreja vive atualmente recolhe uma intui\u00e7\u00e3o que j\u00e1 estava presente no Conc\u00edlio Vaticano II, mas que agora adquire nova for\u00e7a diante dos desafios contempor\u00e2neos.<\/p>\n<h3>O purpurado observa uma deteriora\u00e7\u00e3o das rela\u00e7\u00f5es humanas, as guerras, a destrui\u00e7\u00e3o, a morte, os desastres naturais e uma crescente indiferen\u00e7a diante do sofrimento. No entanto, em meio a essa realidade, descobre tamb\u00e9m sinais de esperan\u00e7a. <strong>\u201cH\u00e1 algo que est\u00e1 nascendo na Igreja, que \u00e9 a consci\u00eancia de que o fundamento de nossa vida n\u00e3o est\u00e1 no que somos, no que sabemos ou no que fazemos, mas no que Deus est\u00e1 fazendo em cada um de n\u00f3s\u201d<\/strong>, sustenta. Para o cardeal, esse olhar permite reconhecer que \u201ch\u00e1 muito mais bondade do que corrup\u00e7\u00e3o na humanidade\u201d.<\/h3>\n<h3><strong>A Amaz\u00f4nia lhe ensinou a escutar<\/strong><\/h3>\n<p>Sua experi\u00eancia amaz\u00f4nica ocupa um lugar priorit\u00e1rio nessa compreens\u00e3o. O Card. Barreto considera que os povos amaz\u00f4nicos o ajudaram a descobrir uma Igreja que escuta, caminha com as comunidades e se deixa transformar pela realidade.<\/p>\n<p>A seu ver, a Igreja est\u00e1 saindo de uma etapa marcada por uma <strong>\u201cf\u00e9 cansada\u201d e uma \u201cf\u00e9 est\u00e1tica\u201d para abrir-se a uma convers\u00e3o que consiste em aprender a praticar a f\u00e9 comunitariamente<\/strong>: \u201cEstamos nos abrindo \u00e0s mudan\u00e7as, que no fundo s\u00e3o uma convers\u00e3o n\u00e3o apenas de viver a minha f\u00e9, mas tamb\u00e9m de pratic\u00e1-la em comunidade, neste caminhar juntos\u201d, explica.<\/p>\n<p>O cardeal considera que esse processo \u00e9 gradual e recorda que o Papa Le\u00e3o XIV tamb\u00e9m insistiu no car\u00e1ter progressivo das transforma\u00e7\u00f5es. Por isso, convida a deixar que Deus continue atuando na Igreja e em cada pessoa. Nesse caminho, diz, a f\u00e9 deve ter como fundamento a morte e ressurrei\u00e7\u00e3o de Jesus: <strong>\u201cUm Jesus ressuscitado que nos acompanha, que caminha conosco, que fortalece a nossa esperan\u00e7a\u201d.<\/strong><\/p>\n<h3><strong>Escutar o sofrimento da casa comum<\/strong><\/h3>\n<p>A esperan\u00e7a, para o cardeal, n\u00e3o pode desligar-se da realidade. Por isso, vincula a experi\u00eancia sinodal \u00e0 capacidade de <strong>escutar os clamores dos povos que sofrem, tanto pelas guerras como pelos desastres naturais e pelos efeitos da mudan\u00e7a clim\u00e1tica.<\/strong><\/p>\n<p>Menciona particularmente a situa\u00e7\u00e3o de pa\u00edses como Venezuela e Col\u00f4mbia, al\u00e9m de outros lugares do mundo expostos a terremotos e fen\u00f4menos naturais. Para ele, esses acontecimentos tamb\u00e9m devem interpelar a Igreja.<\/p>\n<p>O cardeal atribui parte dessa crise ambiental a decis\u00f5es humanas marcadas por interesses econ\u00f4micos: <strong>\u201cIsto \u00e9 fruto de uma atividade irracional das pessoas que preferiram o dinheiro e a destrui\u00e7\u00e3o de nossa querida casa comum\u201d<\/strong>, em refer\u00eancia a uma das preocupa\u00e7\u00f5es centrais do pontificado de Francisco.<\/p>\n<h3><strong>Convers\u00e3o pessoal e transforma\u00e7\u00e3o comunit\u00e1ria<\/strong><\/h3>\n<p>Questionado sobre a rela\u00e7\u00e3o entre a convers\u00e3o pessoal e a sinodalidade, a autoridade eclesial sustenta que ambas as dimens\u00f5es s\u00e3o insepar\u00e1veis. <strong>\u201cO pessoal e o comunit\u00e1rio caminham juntos\u201d<\/strong>, assegura. Para ele, a sinodalidade implica \u201cver, escutar e, sobretudo, escutar o Esp\u00edrito Santo\u201d, reconhecendo nele aquele que recorda \u00e0 Igreja as palavras e os ensinamentos de Jesus.<\/p>\n<p>A partir desse olhar, a Igreja tem a responsabilidade de caminhar unida, promovendo a inclus\u00e3o e a participa\u00e7\u00e3o. O cardeal reconhece que as mudan\u00e7as s\u00e3o graduais, mas enfatiza que a realidade atual exige manter viva uma esperan\u00e7a que se traduza em a\u00e7\u00f5es: <strong>\u201cTemos que manter viva a esperan\u00e7a, e uma esperan\u00e7a posta em a\u00e7\u00e3o, em servi\u00e7o, especialmente aos mais pobres\u201d.<\/strong><\/p>\n<p>Em um mundo que vive a divis\u00e3o e a polariza\u00e7\u00e3o, considera que a Igreja pode oferecer, por meio da sinodalidade, um caminho rumo \u00e0 unidade. <strong>\u201cSomos todos chamados a ser muito ponderados, como Le\u00e3o XIV nos diz, mas ao mesmo tempo com muita firmeza para indicar o caminho da unidade em um mundo dividido\u201d<\/strong>, assinala.<\/p>\n<h3><strong>De uma Igreja que faz pelas comunidades a uma Igreja que caminha com elas<\/strong><\/h3>\n<p>O Card. Barreto tamb\u00e9m aborda uma das mudan\u00e7as fundamentais propostas pela sinodalidade: passar de uma Igreja que atua sobre as comunidades para uma Igreja que caminha com elas: <strong>\u201cA Igreja somos todos os batizados\u201d<\/strong>. Em sua opini\u00e3o, existe atualmente um despertar entre leigos, religiosas, religiosos, sacerdotes e bispos quanto \u00e0 consci\u00eancia de que todos fazem parte do povo de Deus.<\/p>\n<p>Essa perten\u00e7a implica assumir as diferentes voca\u00e7\u00f5es e coloc\u00e1-las a servi\u00e7o de um mesmo caminho: <strong>\u201cTemos que assumir tamb\u00e9m, a partir da voca\u00e7\u00e3o espec\u00edfica que o Senhor nos deu, para poder uni-la a este grande caminho de sinodalidade que renova a nossa esperan\u00e7a, renova a nossa pr\u00e1tica da caridade\u201d.<\/strong><\/p>\n<p>O cardeal insiste ainda que o protagonismo n\u00e3o corresponde exclusivamente \u00e0s estruturas eclesiais: <strong>\u201cN\u00e3o somos n\u00f3s que fazemos o servi\u00e7o. \u00c9 Deus que atua atrav\u00e9s da Igreja e atrav\u00e9s de muitas pessoas de boa vontade ou de outros credos que n\u00e3o buscam o interesse pessoal ou de grupo, mas buscam o interesse dos demais\u201d.<\/strong><\/p>\n<h3><strong>\u201cTarde te amei\u201d: uma nova maneira de exercer o minist\u00e9rio<\/strong><\/h3>\n<p>Depois de 65 anos na Companhia de Jesus e 53 anos como sacerdote, o Card. Barreto identifica na sinodalidade uma das grandes mudan\u00e7as em sua maneira de exercer o minist\u00e9rio. Retoma a express\u00e3o de Santo Agostinho: \u201cTarde te amei\u201d. Para ele, a sinodalidade representa uma Igreja que procura ser fiel \u00e0 inspira\u00e7\u00e3o do Conc\u00edlio Vaticano II e que reconhece que todos s\u00e3o chamados a participar.<\/p>\n<p>Nesse processo tamb\u00e9m descobre com particular for\u00e7a as tr\u00eas virtudes teologais: f\u00e9, esperan\u00e7a e caridade. <strong>\u201c\u00c9 uma f\u00e9 que mant\u00e9m viva a esperan\u00e7a, mas uma esperan\u00e7a que nos convida \u00e0 a\u00e7\u00e3o em comum\u201d<\/strong>, explica. A seu ju\u00edzo, a novidade est\u00e1 no fato de que uma f\u00e9 que muitas vezes permanecia \u201cadormecida\u201d ou reduzida ao \u00e2mbito da raz\u00e3o \u201cest\u00e1 descendo ao cora\u00e7\u00e3o\u201d e mobiliza as pessoas a caminhar com Jesus como comunidade e como povo de Deus.<\/p>\n<p>O purpurado reconhece que esse processo se desenvolve em meio a uma crise muito grande. <strong>\u201cEstou vivendo uma crise grav\u00edssima na humanidade, uma crise tamb\u00e9m na Igreja, mas algo novo est\u00e1 nascendo de dentro da Igreja pelo Esp\u00edrito Santo\u201d<\/strong>, assegura. E recupera uma frase do cardeal John Henry Newman: <strong>\u201cViver \u00e9 mudar, e ser perfeito \u00e9 ter mudado muitas vezes\u201d.<\/strong>\u00a0Para o cardeal, essas palavras expressam uma Igreja em permanente convers\u00e3o e renova\u00e7\u00e3o.<\/p>\n<h3><strong>Papa Le\u00e3o XIV, continuidade e renova\u00e7\u00e3o<\/strong><\/h3>\n<p>Ao falar do Papa Le\u00e3o XIV, o cardeal Barreto recorda os dias pr\u00e9vios ao conclave, nos quais participou com outros cardeais da defini\u00e7\u00e3o do perfil que deveria ter o sucessor de Francisco. Enquanto os restos mortais do Papa Francisco ainda se encontravam na Bas\u00edlica de S\u00e3o Pedro, os cardeais identificaram como uma das prioridades a continuidade do processo de renova\u00e7\u00e3o sinodal iniciado durante seu pontificado. Para o purpurado, a elei\u00e7\u00e3o de Robert Prevost foi uma resposta providencial a esse perfil: <strong>\u201cFoi para mim uma b\u00ean\u00e7\u00e3o de Deus\u201d.<\/strong><\/p>\n<p>Entre os aspectos que deveriam marcar a nova etapa, menciona a luta contra os abusos, a reforma da C\u00faria Romana \u00e0 luz da <em>Praedicate Evangelium<\/em>, a transpar\u00eancia econ\u00f4mica e a presta\u00e7\u00e3o de contas, a constru\u00e7\u00e3o da paz, o cuidado da cria\u00e7\u00e3o e o respeito aos direitos humanos. <strong>\u201cDeu-me muito mais esperan\u00e7a. Eu creio que \u00e9 o Esp\u00edrito Santo\u201d<\/strong>, sustenta ao recordar a elei\u00e7\u00e3o de Prevost, a quem descreve como <strong>um homem pr\u00f3ximo do Papa Francisco e vinculado \u00e0 renova\u00e7\u00e3o impulsionada pelo Conc\u00edlio Vaticano II.<\/strong><\/p>\n<p>O Card. Barreto recorda tamb\u00e9m as primeiras palavras do Papa Le\u00e3o XIV sobre a necessidade de construir uma Igreja unida: <strong>\u201cGostaria que nosso primeiro grande desejo fosse uma Igreja unida, um sinal de unidade e comunh\u00e3o que se torne fermento para um mundo polarizado, necessitado de reconcilia\u00e7\u00e3o\u201d.<\/strong><\/p>\n<p>Para o cardeal peruano, <strong>a escuta e a sinodalidade continuam sendo elementos centrais do pontificado<\/strong>. Destaca especialmente a confirma\u00e7\u00e3o da Assembleia Eclesial de 2028 e a insist\u00eancia do Papa em uma Igreja mais participativa. <strong>\u201cEstou convencido de que foi o Esp\u00edrito Santo que inspirou nossos irm\u00e3os cardeais a escolher algu\u00e9m que teve a intui\u00e7\u00e3o do Esp\u00edrito de escolher como Papa o nome de Le\u00e3o XIV\u201d<\/strong>, sustenta.<\/p>\n<h3><strong>O retorno do Papa Le\u00e3o XIV ao Peru<\/strong><\/h3>\n<p>Diante da pr\u00f3xima visita do Papa Le\u00e3o XIV ao Peru, o Card. Barreto reconhece que o pa\u00eds receber\u00e1 o Pont\u00edfice em um contexto de tens\u00f5es e polariza\u00e7\u00e3o. No entanto, considera que sua presen\u00e7a pode ser um sinal de esperan\u00e7a: <strong>\u201cEu creio que ele est\u00e1 vivendo, e n\u00f3s tamb\u00e9m com ele, a P\u00e1scoa de Jesus, a paix\u00e3o, o sofrimento, sofrimentos tanto dentro como fora da Igreja, da sociedade\u201d.<\/strong><\/p>\n<p>Ao mesmo tempo, ressalta o carinho que o Papa despertou em muitas pessoas e sua capacidade de conectar-se com aqueles que procuram fazer do Evangelho uma realidade: <strong>\u201cEstou muito feliz, e eu em primeiro lugar, por termos um papa como Robert Prevost, que soube ganhar o cora\u00e7\u00e3o de muita gente\u201d.<\/strong><\/p>\n<p>Para o Card. Barreto, o desafio consiste em que o Evangelho n\u00e3o fique reduzido a um discurso: <strong>\u201cAqueles que certamente estamos muito comprometidos em fazer com que o Evangelho seja real. Que o Evangelho n\u00e3o seja simplesmente teoria, mas que sejamos instrumentos, como dizia S\u00e3o Francisco, instrumentos de paz, de justi\u00e7a e de amor\u201d.<\/strong><\/p>\n<h3><strong>Argentina e Uruguai: uma visita de reconcilia\u00e7\u00e3o<\/strong><\/h3>\n<p>O cardeal tamb\u00e9m valoriza que o Papa Le\u00e3o XIV visite Argentina e Uruguai, dois pa\u00edses que o Papa Francisco n\u00e3o chegou a visitar durante seu pontificado. Para o Card. Barreto, <strong>essas visitas representam um sinal de continuidade e, especialmente na Argentina, uma oportunidade para impulsionar um caminho de reconcilia\u00e7\u00e3o.<\/strong>\u00a0<strong>\u201cA visita do Papa \u00e0 Argentina vai marcar um caminho de reconcilia\u00e7\u00e3o no pa\u00eds, que tanta falta faz\u201d<\/strong>, sustenta.<\/p>\n<p>O cardeal recorda que o pr\u00f3prio Jesus advertiu que <strong>\u201cnenhum profeta \u00e9 bem recebido em sua pr\u00f3pria terra\u201d<\/strong>\u00a0e considera que o Papa Le\u00e3o XIV pode encarnar o esp\u00edrito de uma Igreja que busca renovar seu rosto e p\u00f4r-se a servi\u00e7o de uma humanidade atravessada pela ang\u00fastia e pelo sofrimento.<\/p>\n<p><strong>\u201cEsta \u00e9 a mensagem fundamental, a continuidade na novidade da presen\u00e7a do Papa Le\u00e3o XIV na terra do Papa Francisco\u201d<\/strong>, manifesta.<\/p>\n<h3><strong>\u201cCristo \u00e9 o fundamento e o centro de nossa vida\u201d<\/strong><\/h3>\n<p>Ao finalizar a entrevista, o cardeal Barreto evita apresentar sua mensagem como um conselho e prefere compartilhar aquilo que est\u00e1 vivendo pessoalmente. Diante da pergunta sobre por que continua crendo, amando e servindo, responde a partir de tr\u00eas pilares: <strong>Cristo, a esperan\u00e7a e a caridade.<\/strong><\/p>\n<p><strong>\u201cCristo \u00e9 o fundamento e o centro de nossa vida. Cristo n\u00e3o \u00e9 uma ideia, \u00e9 uma pessoa\u201d<\/strong>, sustenta. Citando a exorta\u00e7\u00e3o apost\u00f3lica <em>Evangelii gaudium<\/em>\u00a0do Papa Francisco, recorda que <strong>\u201cno encontro pessoal e comunit\u00e1rio com Jesus Cristo nasce e renasce a alegria\u201d<\/strong>. Sua f\u00e9, explica, n\u00e3o est\u00e1 depositada no sucesso, mas em Cristo morto e ressuscitado: <strong>\u201c\u00c9 uma pessoa viva\u201d.<\/strong><\/p>\n<p>O segundo elemento \u00e9 <strong>a esperan\u00e7a, que exige escutar os gritos de quem sofre e o clamor da casa comum.<\/strong>\u00a0E o terceiro \u00e9 <strong>a caridade<\/strong>, mas n\u00e3o entendida como uma atitude passiva: <strong>\u201cUma caridade que atua porque Deus \u00e9 amor\u201d.<\/strong>\u00a0E recorda as palavras da carta de Tiago sobre uma f\u00e9 que deve produzir obras.<\/p>\n<p>Ao concluir, o cardeal Pedro Barreto volta a S\u00e3o Paulo e \u00e0s tr\u00eas virtudes teologais: <strong>\u201cAgora permanecem a f\u00e9, a esperan\u00e7a e o amor, mas a maior destas tr\u00eas \u00e9 o amor\u201d.<\/strong>\u00a0Para o cardeal, essa perspectiva tamb\u00e9m permite compreender o momento atual da Igreja. <strong>Em meio \u00e0s dificuldades e \u00e0s \u201ctempestades\u201d, sustenta, a f\u00e9 permite confiar que Deus continua acompanhando a hist\u00f3ria.<\/strong>\u00a0<strong>\u201cEm meio \u00e0s tempestades e aos problemas, ele nos d\u00e1 a for\u00e7a para continuar crendo que guia a hist\u00f3ria de nossas vidas e de toda a humanidade\u201d.<\/strong><\/p>\n<p><strong>Fonte: ADN Celam<\/strong><\/p>\n<p class=\"p2\"><span class=\"s2\"><b>Voc\u00ea pode estar interessado em:\u00a0<a href=\"https:\/\/observatoriosinodalidad.org\/pt-br\/espiritualidade-sinodal-um-convite-a-transformar-a-maneira-de-caminhar-juntos-na-igreja\/\" target=\"_blank\" rel=\"noopener\">Espiritualidade sinodal: um convite a transformar a maneira de caminhar juntos na Igreja<\/a><\/b><\/span><\/p>\n<p class=\"p2\"><b><\/b><strong>Carte recomandat\u0103:\u00a0<a href=\"https:\/\/observatoriosinodalidad.org\/pt-br\/project\/iv-congresso-continental-de-teologia-latino-americana-e-caribenha\/\" target=\"_blank\" rel=\"noopener\">IV Congresso Continental de Teologia Latino-Americana e Caribenha Horizontes de liberta\u00e7\u00e3o: tecendo esperan\u00e7as a partir de baixo<\/a><\/strong><\/p>\n<p class=\"p2\"><b><\/b><span class=\"s2\"><b>Inscreva-se em nosso canal Whatsapp:\u00a0<\/b><a href=\"https:\/\/whatsapp.com\/channel\/0029VazM21X6WaKvBlZ91E47\" target=\"_blank\" rel=\"noopener\"><span class=\"s3\"><b>https:\/\/whatsapp.com\/channel\/0029VazM21X6WaKvBlZ91E47<\/b><b><\/b><\/span><\/a><\/span><\/p>\n<p class=\"p4\"><b>Baixe o \u00faltimo caderno de estudo 011:\u00a0<\/b><a href=\"https:\/\/observatoriosinodalidad.org\/pt-br\/project\/rumo-a-uma-vida-religiosa-sinodal\/\" target=\"_blank\" rel=\"noopener\"><span class=\"s3\"><b>Caderno de estudo 011<\/b><\/span><\/a><\/p>\n","protected":false},"excerpt":{"rendered":"<p>O cardeal Pedro Barreto reconhece que a sinodalidade transformou sua maneira de compreender e viver a Igreja. Depois de d\u00e9cadas de servi\u00e7o sacerdotal e episcopal e de uma intensa experi\u00eancia&#8230;<\/p>\n","protected":false},"author":12,"featured_media":19636,"comment_status":"open","ping_status":"closed","sticky":false,"template":"","format":"standard","meta":{"footnotes":""},"categories":[40,43],"tags":[279,76],"class_list":["post-19677","post","type-post","status-publish","format-standard","has-post-thumbnail","hentry","category-entrevistas-pt-br","category-noticias-pt-br","tag-bispos-amazonia","tag-sinodalidade"],"yoast_head":"<!-- This site is optimized with the Yoast SEO Premium plugin v28.2 (Yoast SEO v28.4) - https:\/\/yoast.com\/product\/yoast-seo-premium-wordpress\/ -->\n<title>Cardeal Pedro Barreto: \u201cA sinodalidade \u00e9 escutar sobretudo o Esp\u00edrito Santo\u201d - Observatorio Latinoamericano de la Sinodalidad<\/title>\n<meta name=\"description\" content=\"O cardeal peruano reflete sobre as mudan\u00e7as que a sinodalidade gerou na Igreja, sua experi\u00eancia na Amaz\u00f4nia e o legado do Papa Francisco. Tamb\u00e9m ressalta a continuidade representada pelo Papa Le\u00e3o XIV e compartilha uma mensagem para uma Igreja chamada a caminhar unida em meio \u00e0s crises que atravessam o mundo.\" \/>\n<meta name=\"robots\" content=\"index, follow, max-snippet:-1, max-image-preview:large, max-video-preview:-1\" \/>\n<link rel=\"canonical\" href=\"https:\/\/observatoriosinodalidad.org\/pt-br\/cardeal-pedro-barreto-a-sinodalidade-e-escutar-sobretudo-o-espirito-santo\/\" \/>\n<meta property=\"og:locale\" content=\"pt_BR\" \/>\n<meta property=\"og:type\" content=\"article\" \/>\n<meta property=\"og:title\" content=\"Cardeal Pedro Barreto: \u201cA sinodalidade \u00e9 escutar sobretudo o Esp\u00edrito Santo\u201d\" \/>\n<meta property=\"og:description\" content=\"O cardeal peruano reflete sobre as mudan\u00e7as que a sinodalidade gerou na Igreja, sua experi\u00eancia na Amaz\u00f4nia e o legado do Papa Francisco. Tamb\u00e9m ressalta a continuidade representada pelo Papa Le\u00e3o XIV e compartilha uma mensagem para uma Igreja chamada a caminhar unida em meio \u00e0s crises que atravessam o mundo.\" \/>\n<meta property=\"og:url\" content=\"https:\/\/observatoriosinodalidad.org\/pt-br\/cardeal-pedro-barreto-a-sinodalidade-e-escutar-sobretudo-o-espirito-santo\/\" \/>\n<meta property=\"og:site_name\" content=\"Observatorio Latinoamericano de la Sinodalidad\" \/>\n<meta property=\"article:publisher\" content=\"https:\/\/www.facebook.com\/profile.php?id=61557630161102\" \/>\n<meta property=\"article:published_time\" content=\"2026-08-23T23:44:21+00:00\" \/>\n<meta property=\"article:modified_time\" content=\"2026-08-31T15:12:35+00:00\" \/>\n<meta property=\"og:image\" content=\"https:\/\/observatoriosinodalidad.org\/wp-content\/uploads\/2026\/08\/Cuaresma-35.png\" \/>\n\t<meta property=\"og:image:width\" content=\"860\" \/>\n\t<meta property=\"og:image:height\" content=\"575\" \/>\n\t<meta property=\"og:image:type\" content=\"image\/png\" \/>\n<meta name=\"author\" content=\"Micaela D\u00edaz Miranda\" \/>\n<meta name=\"twitter:card\" content=\"summary_large_image\" \/>\n<meta name=\"twitter:creator\" content=\"@O_Sinodalidad\" \/>\n<meta name=\"twitter:site\" content=\"@O_Sinodalidad\" \/>\n<meta name=\"twitter:label1\" content=\"Escrito por\" \/>\n\t<meta name=\"twitter:data1\" content=\"Micaela D\u00edaz Miranda\" \/>\n\t<meta name=\"twitter:label2\" content=\"Est. tempo de leitura\" \/>\n\t<meta name=\"twitter:data2\" content=\"11 minutos\" \/>\n<script type=\"application\/ld+json\" class=\"yoast-schema-graph\">{\"@context\":\"https:\\\/\\\/schema.org\",\"@graph\":[{\"@type\":\"Article\",\"@id\":\"https:\\\/\\\/observatoriosinodalidad.org\\\/pt-br\\\/cardeal-pedro-barreto-a-sinodalidade-e-escutar-sobretudo-o-espirito-santo\\\/#article\",\"isPartOf\":{\"@id\":\"https:\\\/\\\/observatoriosinodalidad.org\\\/pt-br\\\/cardeal-pedro-barreto-a-sinodalidade-e-escutar-sobretudo-o-espirito-santo\\\/\"},\"author\":{\"name\":\"Micaela D\u00edaz Miranda\",\"@id\":\"https:\\\/\\\/observatoriosinodalidad.org\\\/#\\\/schema\\\/person\\\/60d8e086b74b145499032bba348d39fc\"},\"headline\":\"Cardeal Pedro Barreto: \u201cA sinodalidade \u00e9 escutar sobretudo o Esp\u00edrito Santo\u201d\",\"datePublished\":\"2026-08-23T23:44:21+00:00\",\"dateModified\":\"2026-08-31T15:12:35+00:00\",\"mainEntityOfPage\":{\"@id\":\"https:\\\/\\\/observatoriosinodalidad.org\\\/pt-br\\\/cardeal-pedro-barreto-a-sinodalidade-e-escutar-sobretudo-o-espirito-santo\\\/\"},\"wordCount\":2441,\"commentCount\":0,\"publisher\":{\"@id\":\"https:\\\/\\\/observatoriosinodalidad.org\\\/#organization\"},\"image\":{\"@id\":\"https:\\\/\\\/observatoriosinodalidad.org\\\/pt-br\\\/cardeal-pedro-barreto-a-sinodalidade-e-escutar-sobretudo-o-espirito-santo\\\/#primaryimage\"},\"thumbnailUrl\":\"https:\\\/\\\/observatoriosinodalidad.org\\\/wp-content\\\/uploads\\\/2026\\\/08\\\/Cuaresma-35.png\",\"keywords\":[\"Bispos Amaz\u00f4nia\",\"sinodalidade\"],\"articleSection\":[\"Entrevistas\",\"Not\u00edcias\"],\"inLanguage\":\"pt-BR\",\"potentialAction\":[{\"@type\":\"CommentAction\",\"name\":\"Comment\",\"target\":[\"https:\\\/\\\/observatoriosinodalidad.org\\\/pt-br\\\/cardeal-pedro-barreto-a-sinodalidade-e-escutar-sobretudo-o-espirito-santo\\\/#respond\"]}]},{\"@type\":\"WebPage\",\"@id\":\"https:\\\/\\\/observatoriosinodalidad.org\\\/pt-br\\\/cardeal-pedro-barreto-a-sinodalidade-e-escutar-sobretudo-o-espirito-santo\\\/\",\"url\":\"https:\\\/\\\/observatoriosinodalidad.org\\\/pt-br\\\/cardeal-pedro-barreto-a-sinodalidade-e-escutar-sobretudo-o-espirito-santo\\\/\",\"name\":\"Cardeal Pedro Barreto: \u201cA sinodalidade \u00e9 escutar sobretudo o Esp\u00edrito Santo\u201d - Observatorio Latinoamericano de la Sinodalidad\",\"isPartOf\":{\"@id\":\"https:\\\/\\\/observatoriosinodalidad.org\\\/#website\"},\"primaryImageOfPage\":{\"@id\":\"https:\\\/\\\/observatoriosinodalidad.org\\\/pt-br\\\/cardeal-pedro-barreto-a-sinodalidade-e-escutar-sobretudo-o-espirito-santo\\\/#primaryimage\"},\"image\":{\"@id\":\"https:\\\/\\\/observatoriosinodalidad.org\\\/pt-br\\\/cardeal-pedro-barreto-a-sinodalidade-e-escutar-sobretudo-o-espirito-santo\\\/#primaryimage\"},\"thumbnailUrl\":\"https:\\\/\\\/observatoriosinodalidad.org\\\/wp-content\\\/uploads\\\/2026\\\/08\\\/Cuaresma-35.png\",\"datePublished\":\"2026-08-23T23:44:21+00:00\",\"dateModified\":\"2026-08-31T15:12:35+00:00\",\"description\":\"O cardeal peruano reflete sobre as mudan\u00e7as que a sinodalidade gerou na Igreja, sua experi\u00eancia na Amaz\u00f4nia e o legado do Papa Francisco. Tamb\u00e9m ressalta a continuidade representada pelo Papa Le\u00e3o XIV e compartilha uma mensagem para uma Igreja chamada a caminhar unida em meio \u00e0s crises que atravessam o mundo.\",\"breadcrumb\":{\"@id\":\"https:\\\/\\\/observatoriosinodalidad.org\\\/pt-br\\\/cardeal-pedro-barreto-a-sinodalidade-e-escutar-sobretudo-o-espirito-santo\\\/#breadcrumb\"},\"inLanguage\":\"pt-BR\",\"potentialAction\":[{\"@type\":\"ReadAction\",\"target\":[\"https:\\\/\\\/observatoriosinodalidad.org\\\/pt-br\\\/cardeal-pedro-barreto-a-sinodalidade-e-escutar-sobretudo-o-espirito-santo\\\/\"]}]},{\"@type\":\"ImageObject\",\"inLanguage\":\"pt-BR\",\"@id\":\"https:\\\/\\\/observatoriosinodalidad.org\\\/pt-br\\\/cardeal-pedro-barreto-a-sinodalidade-e-escutar-sobretudo-o-espirito-santo\\\/#primaryimage\",\"url\":\"https:\\\/\\\/observatoriosinodalidad.org\\\/wp-content\\\/uploads\\\/2026\\\/08\\\/Cuaresma-35.png\",\"contentUrl\":\"https:\\\/\\\/observatoriosinodalidad.org\\\/wp-content\\\/uploads\\\/2026\\\/08\\\/Cuaresma-35.png\",\"width\":860,\"height\":575},{\"@type\":\"BreadcrumbList\",\"@id\":\"https:\\\/\\\/observatoriosinodalidad.org\\\/pt-br\\\/cardeal-pedro-barreto-a-sinodalidade-e-escutar-sobretudo-o-espirito-santo\\\/#breadcrumb\",\"itemListElement\":[{\"@type\":\"ListItem\",\"position\":1,\"name\":\"Inicio\",\"item\":\"https:\\\/\\\/observatoriosinodalidad.org\\\/pt-br\\\/\"},{\"@type\":\"ListItem\",\"position\":2,\"name\":\"Cardeal Pedro Barreto: \u201cA sinodalidade \u00e9 escutar sobretudo o Esp\u00edrito Santo\u201d\"}]},{\"@type\":\"WebSite\",\"@id\":\"https:\\\/\\\/observatoriosinodalidad.org\\\/#website\",\"url\":\"https:\\\/\\\/observatoriosinodalidad.org\\\/\",\"name\":\"Observatorio Latinoamericano de la Sinodalidad\",\"description\":\"\",\"publisher\":{\"@id\":\"https:\\\/\\\/observatoriosinodalidad.org\\\/#organization\"},\"potentialAction\":[{\"@type\":\"SearchAction\",\"target\":{\"@type\":\"EntryPoint\",\"urlTemplate\":\"https:\\\/\\\/observatoriosinodalidad.org\\\/?s={search_term_string}\"},\"query-input\":{\"@type\":\"PropertyValueSpecification\",\"valueRequired\":true,\"valueName\":\"search_term_string\"}}],\"inLanguage\":\"pt-BR\"},{\"@type\":\"Organization\",\"@id\":\"https:\\\/\\\/observatoriosinodalidad.org\\\/#organization\",\"name\":\"Observatorio Latinoamericano de la Sinodalidad\",\"url\":\"https:\\\/\\\/observatoriosinodalidad.org\\\/\",\"logo\":{\"@type\":\"ImageObject\",\"inLanguage\":\"pt-BR\",\"@id\":\"https:\\\/\\\/observatoriosinodalidad.org\\\/#\\\/schema\\\/logo\\\/image\\\/\",\"url\":\"https:\\\/\\\/observatoriosinodalidad.org\\\/wp-content\\\/uploads\\\/2024\\\/03\\\/logo.png\",\"contentUrl\":\"https:\\\/\\\/observatoriosinodalidad.org\\\/wp-content\\\/uploads\\\/2024\\\/03\\\/logo.png\",\"width\":250,\"height\":90,\"caption\":\"Observatorio Latinoamericano de la Sinodalidad\"},\"image\":{\"@id\":\"https:\\\/\\\/observatoriosinodalidad.org\\\/#\\\/schema\\\/logo\\\/image\\\/\"},\"sameAs\":[\"https:\\\/\\\/www.facebook.com\\\/profile.php?id=61557630161102\",\"https:\\\/\\\/x.com\\\/O_Sinodalidad\",\"https:\\\/\\\/www.youtube.com\\\/channel\\\/UC-45VOYfrCGFA-mycUuaX2A\",\"https:\\\/\\\/www.instagram.com\\\/observatoriosinodalidad\\\/\"]},{\"@type\":\"Person\",\"@id\":\"https:\\\/\\\/observatoriosinodalidad.org\\\/#\\\/schema\\\/person\\\/60d8e086b74b145499032bba348d39fc\",\"name\":\"Micaela D\u00edaz Miranda\",\"image\":{\"@type\":\"ImageObject\",\"inLanguage\":\"pt-BR\",\"@id\":\"https:\\\/\\\/secure.gravatar.com\\\/avatar\\\/7fc24ebb962109e25106b6470db92df2381897cd82de7ef8fafb87e554cd037a?s=96&d=mm&r=g\",\"url\":\"https:\\\/\\\/secure.gravatar.com\\\/avatar\\\/7fc24ebb962109e25106b6470db92df2381897cd82de7ef8fafb87e554cd037a?s=96&d=mm&r=g\",\"contentUrl\":\"https:\\\/\\\/secure.gravatar.com\\\/avatar\\\/7fc24ebb962109e25106b6470db92df2381897cd82de7ef8fafb87e554cd037a?s=96&d=mm&r=g\",\"caption\":\"Micaela D\u00edaz Miranda\"},\"url\":\"https:\\\/\\\/observatoriosinodalidad.org\\\/pt-br\\\/author\\\/micaela\\\/\"}]}<\/script>\n<!-- \/ Yoast SEO Premium plugin. -->","yoast_head_json":{"title":"Cardeal Pedro Barreto: \u201cA sinodalidade \u00e9 escutar sobretudo o Esp\u00edrito Santo\u201d - Observatorio Latinoamericano de la Sinodalidad","description":"O cardeal peruano reflete sobre as mudan\u00e7as que a sinodalidade gerou na Igreja, sua experi\u00eancia na Amaz\u00f4nia e o legado do Papa Francisco. Tamb\u00e9m ressalta a continuidade representada pelo Papa Le\u00e3o XIV e compartilha uma mensagem para uma Igreja chamada a caminhar unida em meio \u00e0s crises que atravessam o mundo.","robots":{"index":"index","follow":"follow","max-snippet":"max-snippet:-1","max-image-preview":"max-image-preview:large","max-video-preview":"max-video-preview:-1"},"canonical":"https:\/\/observatoriosinodalidad.org\/pt-br\/cardeal-pedro-barreto-a-sinodalidade-e-escutar-sobretudo-o-espirito-santo\/","og_locale":"pt_BR","og_type":"article","og_title":"Cardeal Pedro Barreto: \u201cA sinodalidade \u00e9 escutar sobretudo o Esp\u00edrito Santo\u201d","og_description":"O cardeal peruano reflete sobre as mudan\u00e7as que a sinodalidade gerou na Igreja, sua experi\u00eancia na Amaz\u00f4nia e o legado do Papa Francisco. Tamb\u00e9m ressalta a continuidade representada pelo Papa Le\u00e3o XIV e compartilha uma mensagem para uma Igreja chamada a caminhar unida em meio \u00e0s crises que atravessam o mundo.","og_url":"https:\/\/observatoriosinodalidad.org\/pt-br\/cardeal-pedro-barreto-a-sinodalidade-e-escutar-sobretudo-o-espirito-santo\/","og_site_name":"Observatorio Latinoamericano de la Sinodalidad","article_publisher":"https:\/\/www.facebook.com\/profile.php?id=61557630161102","article_published_time":"2026-08-23T23:44:21+00:00","article_modified_time":"2026-08-31T15:12:35+00:00","og_image":[{"width":860,"height":575,"url":"https:\/\/observatoriosinodalidad.org\/wp-content\/uploads\/2026\/08\/Cuaresma-35.png","type":"image\/png"}],"author":"Micaela D\u00edaz Miranda","twitter_card":"summary_large_image","twitter_creator":"@O_Sinodalidad","twitter_site":"@O_Sinodalidad","twitter_misc":{"Escrito por":"Micaela D\u00edaz Miranda","Est. tempo de leitura":"11 minutos"},"schema":{"@context":"https:\/\/schema.org","@graph":[{"@type":"Article","@id":"https:\/\/observatoriosinodalidad.org\/pt-br\/cardeal-pedro-barreto-a-sinodalidade-e-escutar-sobretudo-o-espirito-santo\/#article","isPartOf":{"@id":"https:\/\/observatoriosinodalidad.org\/pt-br\/cardeal-pedro-barreto-a-sinodalidade-e-escutar-sobretudo-o-espirito-santo\/"},"author":{"name":"Micaela D\u00edaz Miranda","@id":"https:\/\/observatoriosinodalidad.org\/#\/schema\/person\/60d8e086b74b145499032bba348d39fc"},"headline":"Cardeal Pedro Barreto: \u201cA sinodalidade \u00e9 escutar sobretudo o Esp\u00edrito Santo\u201d","datePublished":"2026-08-23T23:44:21+00:00","dateModified":"2026-08-31T15:12:35+00:00","mainEntityOfPage":{"@id":"https:\/\/observatoriosinodalidad.org\/pt-br\/cardeal-pedro-barreto-a-sinodalidade-e-escutar-sobretudo-o-espirito-santo\/"},"wordCount":2441,"commentCount":0,"publisher":{"@id":"https:\/\/observatoriosinodalidad.org\/#organization"},"image":{"@id":"https:\/\/observatoriosinodalidad.org\/pt-br\/cardeal-pedro-barreto-a-sinodalidade-e-escutar-sobretudo-o-espirito-santo\/#primaryimage"},"thumbnailUrl":"https:\/\/observatoriosinodalidad.org\/wp-content\/uploads\/2026\/08\/Cuaresma-35.png","keywords":["Bispos Amaz\u00f4nia","sinodalidade"],"articleSection":["Entrevistas","Not\u00edcias"],"inLanguage":"pt-BR","potentialAction":[{"@type":"CommentAction","name":"Comment","target":["https:\/\/observatoriosinodalidad.org\/pt-br\/cardeal-pedro-barreto-a-sinodalidade-e-escutar-sobretudo-o-espirito-santo\/#respond"]}]},{"@type":"WebPage","@id":"https:\/\/observatoriosinodalidad.org\/pt-br\/cardeal-pedro-barreto-a-sinodalidade-e-escutar-sobretudo-o-espirito-santo\/","url":"https:\/\/observatoriosinodalidad.org\/pt-br\/cardeal-pedro-barreto-a-sinodalidade-e-escutar-sobretudo-o-espirito-santo\/","name":"Cardeal Pedro Barreto: \u201cA sinodalidade \u00e9 escutar sobretudo o Esp\u00edrito Santo\u201d - Observatorio Latinoamericano de la Sinodalidad","isPartOf":{"@id":"https:\/\/observatoriosinodalidad.org\/#website"},"primaryImageOfPage":{"@id":"https:\/\/observatoriosinodalidad.org\/pt-br\/cardeal-pedro-barreto-a-sinodalidade-e-escutar-sobretudo-o-espirito-santo\/#primaryimage"},"image":{"@id":"https:\/\/observatoriosinodalidad.org\/pt-br\/cardeal-pedro-barreto-a-sinodalidade-e-escutar-sobretudo-o-espirito-santo\/#primaryimage"},"thumbnailUrl":"https:\/\/observatoriosinodalidad.org\/wp-content\/uploads\/2026\/08\/Cuaresma-35.png","datePublished":"2026-08-23T23:44:21+00:00","dateModified":"2026-08-31T15:12:35+00:00","description":"O cardeal peruano reflete sobre as mudan\u00e7as que a sinodalidade gerou na Igreja, sua experi\u00eancia na Amaz\u00f4nia e o legado do Papa Francisco. Tamb\u00e9m ressalta a continuidade representada pelo Papa Le\u00e3o XIV e compartilha uma mensagem para uma Igreja chamada a caminhar unida em meio \u00e0s crises que atravessam o mundo.","breadcrumb":{"@id":"https:\/\/observatoriosinodalidad.org\/pt-br\/cardeal-pedro-barreto-a-sinodalidade-e-escutar-sobretudo-o-espirito-santo\/#breadcrumb"},"inLanguage":"pt-BR","potentialAction":[{"@type":"ReadAction","target":["https:\/\/observatoriosinodalidad.org\/pt-br\/cardeal-pedro-barreto-a-sinodalidade-e-escutar-sobretudo-o-espirito-santo\/"]}]},{"@type":"ImageObject","inLanguage":"pt-BR","@id":"https:\/\/observatoriosinodalidad.org\/pt-br\/cardeal-pedro-barreto-a-sinodalidade-e-escutar-sobretudo-o-espirito-santo\/#primaryimage","url":"https:\/\/observatoriosinodalidad.org\/wp-content\/uploads\/2026\/08\/Cuaresma-35.png","contentUrl":"https:\/\/observatoriosinodalidad.org\/wp-content\/uploads\/2026\/08\/Cuaresma-35.png","width":860,"height":575},{"@type":"BreadcrumbList","@id":"https:\/\/observatoriosinodalidad.org\/pt-br\/cardeal-pedro-barreto-a-sinodalidade-e-escutar-sobretudo-o-espirito-santo\/#breadcrumb","itemListElement":[{"@type":"ListItem","position":1,"name":"Inicio","item":"https:\/\/observatoriosinodalidad.org\/pt-br\/"},{"@type":"ListItem","position":2,"name":"Cardeal Pedro Barreto: \u201cA sinodalidade \u00e9 escutar sobretudo o Esp\u00edrito Santo\u201d"}]},{"@type":"WebSite","@id":"https:\/\/observatoriosinodalidad.org\/#website","url":"https:\/\/observatoriosinodalidad.org\/","name":"Observatorio Latinoamericano de la Sinodalidad","description":"","publisher":{"@id":"https:\/\/observatoriosinodalidad.org\/#organization"},"potentialAction":[{"@type":"SearchAction","target":{"@type":"EntryPoint","urlTemplate":"https:\/\/observatoriosinodalidad.org\/?s={search_term_string}"},"query-input":{"@type":"PropertyValueSpecification","valueRequired":true,"valueName":"search_term_string"}}],"inLanguage":"pt-BR"},{"@type":"Organization","@id":"https:\/\/observatoriosinodalidad.org\/#organization","name":"Observatorio Latinoamericano de la Sinodalidad","url":"https:\/\/observatoriosinodalidad.org\/","logo":{"@type":"ImageObject","inLanguage":"pt-BR","@id":"https:\/\/observatoriosinodalidad.org\/#\/schema\/logo\/image\/","url":"https:\/\/observatoriosinodalidad.org\/wp-content\/uploads\/2024\/03\/logo.png","contentUrl":"https:\/\/observatoriosinodalidad.org\/wp-content\/uploads\/2024\/03\/logo.png","width":250,"height":90,"caption":"Observatorio Latinoamericano de la Sinodalidad"},"image":{"@id":"https:\/\/observatoriosinodalidad.org\/#\/schema\/logo\/image\/"},"sameAs":["https:\/\/www.facebook.com\/profile.php?id=61557630161102","https:\/\/x.com\/O_Sinodalidad","https:\/\/www.youtube.com\/channel\/UC-45VOYfrCGFA-mycUuaX2A","https:\/\/www.instagram.com\/observatoriosinodalidad\/"]},{"@type":"Person","@id":"https:\/\/observatoriosinodalidad.org\/#\/schema\/person\/60d8e086b74b145499032bba348d39fc","name":"Micaela D\u00edaz Miranda","image":{"@type":"ImageObject","inLanguage":"pt-BR","@id":"https:\/\/secure.gravatar.com\/avatar\/7fc24ebb962109e25106b6470db92df2381897cd82de7ef8fafb87e554cd037a?s=96&d=mm&r=g","url":"https:\/\/secure.gravatar.com\/avatar\/7fc24ebb962109e25106b6470db92df2381897cd82de7ef8fafb87e554cd037a?s=96&d=mm&r=g","contentUrl":"https:\/\/secure.gravatar.com\/avatar\/7fc24ebb962109e25106b6470db92df2381897cd82de7ef8fafb87e554cd037a?s=96&d=mm&r=g","caption":"Micaela D\u00edaz Miranda"},"url":"https:\/\/observatoriosinodalidad.org\/pt-br\/author\/micaela\/"}]}},"_links":{"self":[{"href":"https:\/\/observatoriosinodalidad.org\/pt-br\/wp-json\/wp\/v2\/posts\/19677","targetHints":{"allow":["GET"]}}],"collection":[{"href":"https:\/\/observatoriosinodalidad.org\/pt-br\/wp-json\/wp\/v2\/posts"}],"about":[{"href":"https:\/\/observatoriosinodalidad.org\/pt-br\/wp-json\/wp\/v2\/types\/post"}],"author":[{"embeddable":true,"href":"https:\/\/observatoriosinodalidad.org\/pt-br\/wp-json\/wp\/v2\/users\/12"}],"replies":[{"embeddable":true,"href":"https:\/\/observatoriosinodalidad.org\/pt-br\/wp-json\/wp\/v2\/comments?post=19677"}],"version-history":[{"count":1,"href":"https:\/\/observatoriosinodalidad.org\/pt-br\/wp-json\/wp\/v2\/posts\/19677\/revisions"}],"predecessor-version":[{"id":19678,"href":"https:\/\/observatoriosinodalidad.org\/pt-br\/wp-json\/wp\/v2\/posts\/19677\/revisions\/19678"}],"wp:featuredmedia":[{"embeddable":true,"href":"https:\/\/observatoriosinodalidad.org\/pt-br\/wp-json\/wp\/v2\/media\/19636"}],"wp:attachment":[{"href":"https:\/\/observatoriosinodalidad.org\/pt-br\/wp-json\/wp\/v2\/media?parent=19677"}],"wp:term":[{"taxonomy":"category","embeddable":true,"href":"https:\/\/observatoriosinodalidad.org\/pt-br\/wp-json\/wp\/v2\/categories?post=19677"},{"taxonomy":"post_tag","embeddable":true,"href":"https:\/\/observatoriosinodalidad.org\/pt-br\/wp-json\/wp\/v2\/tags?post=19677"}],"curies":[{"name":"wp","href":"https:\/\/api.w.org\/{rel}","templated":true}]}}